{"id":8339,"date":"2019-10-28T07:38:20","date_gmt":"2019-10-28T13:38:20","guid":{"rendered":"https:\/\/gobernacionaltaverapaz.gob.gt\/?p=8339"},"modified":"2019-10-29T09:17:05","modified_gmt":"2019-10-29T15:17:05","slug":"foro-avances-en-el-desarrollo-de-pueblo-garfuna-de-guatemala","status":"publish","type":"post","link":"https:\/\/gobernacionaltaverapaz.gob.gt\/?p=8339","title":{"rendered":"Foro Avances en el desarrollo del pueblo gar\u00edfuna de Guatemala"},"content":{"rendered":"<p style=\"text-align: justify;\">En Cob\u00e1n, Alta Verapaz, se llev\u00f3 a cabo el foro: Avances en el desarrollo del pueblo gar\u00edfuna de Guatemala en el sal\u00f3n San Jos\u00e9 del hotel Alc\u00e1zar de Do\u00f1a Victoria; facilitado por la Comisi\u00f3n Presidencial Contra la Discriminaci\u00f3n y el Racismo de los Pueblos Ind\u00edgenas de Guatemala.<\/p>\n<p style=\"text-align: justify;\">En este foro se desarrollaron cuatro importantes potencias:<\/p>\n<p style=\"text-align: justify;\"><span class=\"textexposedshow\">1) Diagn\u00f3stico situacional, pol\u00edtico y social del pueblo gar\u00edfuna de Guatemala; <\/span><br \/>\n<span class=\"textexposedshow\">2) Retos del pueblo gar\u00edfuna en Guatemala para la inclusi\u00f3n y no discriminaci\u00f3n desde la institucionalidad del Estado; <\/span><br \/>\n<span class=\"textexposedshow\">3) Afrontamiento de la poblaci\u00f3n gar\u00edfuna y las brechas de desigualdad; <\/span><br \/>\n<span class=\"textexposedshow\">4) Experiencia profesional en los distintos \u00e1mbitos los desaf\u00edos para el desarrollo del pueblo gar\u00edfuna en Guatemala.<\/span><\/p>\n<p style=\"text-align: justify;\">Para el efecto se cont\u00f3 con la presencia directora de la Defensor\u00eda de la Mujer Ind\u00edgena, Licda. Vilma Dalila Macz Coy; la delegada de la Comisi\u00f3n Presidencial de CODISRA, Licda. Olivia Nineth Nu\u00f1ez Allen.<\/p>\n<p style=\"text-align: justify;\">De igual manera se cont\u00f3 con la presencia de las profesionales para el desarrollo de las ponencias: Licda. Karla Yessenia Ciego Guzm\u00e1n; Lucas. Lidiette Silvana Amarilis Mart\u00ednez Cayetano; Lucas; tambi\u00e9n estuvo presente el Gobernador Departamental de Alta Verapaz, M.A. Erik Nolberto Guerrero Mili\u00e1n.<\/p>\n<p><img decoding=\"async\" loading=\"lazy\" class=\"alignnone wp-image-8341 \" src=\"https:\/\/gobernacionaltaverapaz.gob.gt\/wp-content\/uploads\/2019\/10\/002-28.jpg\" alt=\"\" width=\"351\" height=\"234\" srcset=\"https:\/\/gobernacionaltaverapaz.gob.gt\/wp-content\/uploads\/2019\/10\/002-28.jpg 900w, https:\/\/gobernacionaltaverapaz.gob.gt\/wp-content\/uploads\/2019\/10\/002-28-300x200.jpg 300w, https:\/\/gobernacionaltaverapaz.gob.gt\/wp-content\/uploads\/2019\/10\/002-28-768x512.jpg 768w\" sizes=\"(max-width: 351px) 100vw, 351px\" \/>\u00a0\u00a0\u00a0\u00a0\u00a0\u00a0 <img decoding=\"async\" loading=\"lazy\" class=\"alignnone wp-image-8340 \" src=\"https:\/\/gobernacionaltaverapaz.gob.gt\/wp-content\/uploads\/2019\/10\/001-29.jpg\" alt=\"\" width=\"351\" height=\"234\" srcset=\"https:\/\/gobernacionaltaverapaz.gob.gt\/wp-content\/uploads\/2019\/10\/001-29.jpg 900w, https:\/\/gobernacionaltaverapaz.gob.gt\/wp-content\/uploads\/2019\/10\/001-29-300x200.jpg 300w, https:\/\/gobernacionaltaverapaz.gob.gt\/wp-content\/uploads\/2019\/10\/001-29-768x512.jpg 768w\" sizes=\"(max-width: 351px) 100vw, 351px\" \/><\/p>\n","protected":false},"excerpt":{"rendered":"<p>En Cob\u00e1n, Alta Verapaz, se llev\u00f3 a cabo el foro: Avances en el desarrollo del pueblo gar\u00edfuna de Guatemala en el sal\u00f3n San Jos\u00e9 del hotel Alc\u00e1zar de Do\u00f1a Victoria; facilitado por la Comisi\u00f3n Presidencial Contra la Discriminaci\u00f3n y el Racismo de los Pueblos Ind\u00edgenas de Guatemala. En este foro se desarrollaron cuatro importantes potencias: [&hellip;]<\/p>\n","protected":false},"author":1,"featured_media":8340,"comment_status":"closed","ping_status":"open","sticky":false,"template":"","format":"gallery","meta":[],"categories":[197],"tags":[178],"_links":{"self":[{"href":"https:\/\/gobernacionaltaverapaz.gob.gt\/index.php?rest_route=\/wp\/v2\/posts\/8339"}],"collection":[{"href":"https:\/\/gobernacionaltaverapaz.gob.gt\/index.php?rest_route=\/wp\/v2\/posts"}],"about":[{"href":"https:\/\/gobernacionaltaverapaz.gob.gt\/index.php?rest_route=\/wp\/v2\/types\/post"}],"author":[{"embeddable":true,"href":"https:\/\/gobernacionaltaverapaz.gob.gt\/index.php?rest_route=\/wp\/v2\/users\/1"}],"replies":[{"embeddable":true,"href":"https:\/\/gobernacionaltaverapaz.gob.gt\/index.php?rest_route=%2Fwp%2Fv2%2Fcomments&post=8339"}],"version-history":[{"count":9,"href":"https:\/\/gobernacionaltaverapaz.gob.gt\/index.php?rest_route=\/wp\/v2\/posts\/8339\/revisions"}],"predecessor-version":[{"id":8350,"href":"https:\/\/gobernacionaltaverapaz.gob.gt\/index.php?rest_route=\/wp\/v2\/posts\/8339\/revisions\/8350"}],"wp:featuredmedia":[{"embeddable":true,"href":"https:\/\/gobernacionaltaverapaz.gob.gt\/index.php?rest_route=\/wp\/v2\/media\/8340"}],"wp:attachment":[{"href":"https:\/\/gobernacionaltaverapaz.gob.gt\/index.php?rest_route=%2Fwp%2Fv2%2Fmedia&parent=8339"}],"wp:term":[{"taxonomy":"category","embeddable":true,"href":"https:\/\/gobernacionaltaverapaz.gob.gt\/index.php?rest_route=%2Fwp%2Fv2%2Fcategories&post=8339"},{"taxonomy":"post_tag","embeddable":true,"href":"https:\/\/gobernacionaltaverapaz.gob.gt\/index.php?rest_route=%2Fwp%2Fv2%2Ftags&post=8339"}],"curies":[{"name":"wp","href":"https:\/\/api.w.org\/{rel}","templated":true}]}}