{"id":8358,"date":"2019-10-30T14:01:37","date_gmt":"2019-10-30T20:01:37","guid":{"rendered":"https:\/\/gobernacionaltaverapaz.gob.gt\/?p=8358"},"modified":"2019-10-31T09:55:46","modified_gmt":"2019-10-31T15:55:46","slug":"diplomado-ciudadana-consejos-de-desarrollo","status":"publish","type":"post","link":"https:\/\/gobernacionaltaverapaz.gob.gt\/?p=8358","title":{"rendered":"Diplomado &#8220;Ciudadan\u00eda y Consejos de Desarrollo&#8221;"},"content":{"rendered":"<p style=\"text-align: justify;\">En Alta Verapaz, se est\u00e1 llevando a cabo el diplomado &#8220;Ciudadan\u00eda y Consejos de Desarrollo&#8221; el cual tiene como objetivo principal capacitar a los funcionarios p\u00fablicos del departamento en temas de Gesti\u00f3n P\u00fablica.<br \/>\nLa segunda y clase magistral de este evento se llev\u00f3 a cabo en el Sal\u00f3n de las Am\u00e9ricas de la Gobernaci\u00f3n Departamental de Alta Verapaz, en el cual se cont\u00f3 con la participaci\u00f3n de un aprox<span class=\"textexposedshow\">imado de 65 personas por cada uno de los tres grupos formados para el evento.<\/span><br \/>\n<span class=\"textexposedshow\">El tema fue desarrollado por el facilitador del INAP: Lic. Wili Cucul.<\/span><\/p>\n<p><img decoding=\"async\" loading=\"lazy\" class=\"alignnone wp-image-8359 \" src=\"https:\/\/gobernacionaltaverapaz.gob.gt\/wp-content\/uploads\/2019\/10\/001-31.jpg\" alt=\"\" width=\"351\" height=\"234\" srcset=\"https:\/\/gobernacionaltaverapaz.gob.gt\/wp-content\/uploads\/2019\/10\/001-31.jpg 900w, https:\/\/gobernacionaltaverapaz.gob.gt\/wp-content\/uploads\/2019\/10\/001-31-300x200.jpg 300w, https:\/\/gobernacionaltaverapaz.gob.gt\/wp-content\/uploads\/2019\/10\/001-31-768x512.jpg 768w\" sizes=\"(max-width: 351px) 100vw, 351px\" \/>\u00a0\u00a0\u00a0\u00a0\u00a0\u00a0 <img decoding=\"async\" loading=\"lazy\" class=\"alignnone wp-image-8360 \" src=\"https:\/\/gobernacionaltaverapaz.gob.gt\/wp-content\/uploads\/2019\/10\/002-30.jpg\" alt=\"\" width=\"351\" height=\"234\" srcset=\"https:\/\/gobernacionaltaverapaz.gob.gt\/wp-content\/uploads\/2019\/10\/002-30.jpg 900w, https:\/\/gobernacionaltaverapaz.gob.gt\/wp-content\/uploads\/2019\/10\/002-30-300x200.jpg 300w, https:\/\/gobernacionaltaverapaz.gob.gt\/wp-content\/uploads\/2019\/10\/002-30-768x512.jpg 768w\" sizes=\"(max-width: 351px) 100vw, 351px\" \/> <img decoding=\"async\" loading=\"lazy\" class=\"alignnone wp-image-8361 \" src=\"https:\/\/gobernacionaltaverapaz.gob.gt\/wp-content\/uploads\/2019\/10\/003-26.jpg\" alt=\"\" width=\"351\" height=\"234\" srcset=\"https:\/\/gobernacionaltaverapaz.gob.gt\/wp-content\/uploads\/2019\/10\/003-26.jpg 900w, https:\/\/gobernacionaltaverapaz.gob.gt\/wp-content\/uploads\/2019\/10\/003-26-300x200.jpg 300w, https:\/\/gobernacionaltaverapaz.gob.gt\/wp-content\/uploads\/2019\/10\/003-26-768x512.jpg 768w\" sizes=\"(max-width: 351px) 100vw, 351px\" \/>\u00a0\u00a0\u00a0\u00a0\u00a0\u00a0 <img decoding=\"async\" loading=\"lazy\" class=\"alignnone wp-image-8362 \" src=\"https:\/\/gobernacionaltaverapaz.gob.gt\/wp-content\/uploads\/2019\/10\/004-24.jpg\" alt=\"\" width=\"349\" height=\"233\" srcset=\"https:\/\/gobernacionaltaverapaz.gob.gt\/wp-content\/uploads\/2019\/10\/004-24.jpg 900w, https:\/\/gobernacionaltaverapaz.gob.gt\/wp-content\/uploads\/2019\/10\/004-24-300x200.jpg 300w, https:\/\/gobernacionaltaverapaz.gob.gt\/wp-content\/uploads\/2019\/10\/004-24-768x512.jpg 768w\" sizes=\"(max-width: 349px) 100vw, 349px\" \/><\/p>\n","protected":false},"excerpt":{"rendered":"<p>El cual tiene como objetivo principal capacitar a los funcionarios p\u00fablicos del departamento en temas de Gesti\u00f3n P\u00fablica. <\/p>\n","protected":false},"author":1,"featured_media":8359,"comment_status":"closed","ping_status":"open","sticky":false,"template":"","format":"standard","meta":[],"categories":[191],"tags":[178],"_links":{"self":[{"href":"https:\/\/gobernacionaltaverapaz.gob.gt\/index.php?rest_route=\/wp\/v2\/posts\/8358"}],"collection":[{"href":"https:\/\/gobernacionaltaverapaz.gob.gt\/index.php?rest_route=\/wp\/v2\/posts"}],"about":[{"href":"https:\/\/gobernacionaltaverapaz.gob.gt\/index.php?rest_route=\/wp\/v2\/types\/post"}],"author":[{"embeddable":true,"href":"https:\/\/gobernacionaltaverapaz.gob.gt\/index.php?rest_route=\/wp\/v2\/users\/1"}],"replies":[{"embeddable":true,"href":"https:\/\/gobernacionaltaverapaz.gob.gt\/index.php?rest_route=%2Fwp%2Fv2%2Fcomments&post=8358"}],"version-history":[{"count":3,"href":"https:\/\/gobernacionaltaverapaz.gob.gt\/index.php?rest_route=\/wp\/v2\/posts\/8358\/revisions"}],"predecessor-version":[{"id":8365,"href":"https:\/\/gobernacionaltaverapaz.gob.gt\/index.php?rest_route=\/wp\/v2\/posts\/8358\/revisions\/8365"}],"wp:featuredmedia":[{"embeddable":true,"href":"https:\/\/gobernacionaltaverapaz.gob.gt\/index.php?rest_route=\/wp\/v2\/media\/8359"}],"wp:attachment":[{"href":"https:\/\/gobernacionaltaverapaz.gob.gt\/index.php?rest_route=%2Fwp%2Fv2%2Fmedia&parent=8358"}],"wp:term":[{"taxonomy":"category","embeddable":true,"href":"https:\/\/gobernacionaltaverapaz.gob.gt\/index.php?rest_route=%2Fwp%2Fv2%2Fcategories&post=8358"},{"taxonomy":"post_tag","embeddable":true,"href":"https:\/\/gobernacionaltaverapaz.gob.gt\/index.php?rest_route=%2Fwp%2Fv2%2Ftags&post=8358"}],"curies":[{"name":"wp","href":"https:\/\/api.w.org\/{rel}","templated":true}]}}