{"id":8366,"date":"2019-10-30T16:00:23","date_gmt":"2019-10-30T22:00:23","guid":{"rendered":"https:\/\/gobernacionaltaverapaz.gob.gt\/?p=8366"},"modified":"2019-10-31T10:12:29","modified_gmt":"2019-10-31T16:12:29","slug":"ampliacin-de-cmaras-de-seguridad-al-hospital-regional","status":"publish","type":"post","link":"https:\/\/gobernacionaltaverapaz.gob.gt\/?p=8366","title":{"rendered":"Ampliaci\u00f3n de c\u00e1maras de seguridad al Hospital Regional"},"content":{"rendered":"<p style=\"text-align: justify;\">Los alumnos de la carrera de T\u00e9cnico en Investigaci\u00f3n Criminal y Forense, de la Universidad Rafael Land\u00edvar, realizaron la entrega de la ampliaci\u00f3n de c\u00e1maras de video vigilancia en las instalaciones de dicho nosocomio.<br \/>\nEl proyecto de seminario consiste en la instalaci\u00f3n de ocho c\u00e1maras en puntos estrat\u00e9gicos del Hospital Regional, incentivando a fortalecer la seguridad del \u00e1rea, debido al <span class=\"textexposedshow\">alto movimiento de personas que manejan a diario; con el fin de obtener la prevenci\u00f3n de delitos siendo controlado por un sistema de monitoreo que maneja el Departamento de Inform\u00e1tica del Hospital.<br \/>\n<\/span><br \/>\n<span class=\"textexposedshow\">Teniendo en este evento como invitada a la Ingeniera Johana Chavarr\u00eda, Lic. Juan Ramiro Sierra Requena, Coordinador de la Facultad de Ciencias Jur\u00eddicas y Sociales, quien alag\u00f3 el trabajo y la planeaci\u00f3n de los seminaristas de CRIMFOR, Doctor Vicente Ad\u00e1n Macz, Director del Hospital Regional de Cob\u00e1n, y la presencia del Se\u00f1or Gobernador M.A. Erik Nolberto Guerrero Mili\u00e1n.<\/span><\/p>\n<div><\/div>\n","protected":false},"excerpt":{"rendered":"<p>El proyecto de seminario consiste en la instalaci\u00f3n de ocho c\u00e1maras en puntos estrat\u00e9gicos del Hospital Regional, incentivando a fortalecer la seguridad del \u00e1rea.<\/p>\n","protected":false},"author":1,"featured_media":8371,"comment_status":"closed","ping_status":"open","sticky":false,"template":"","format":"gallery","meta":[],"categories":[197],"tags":[178],"_links":{"self":[{"href":"https:\/\/gobernacionaltaverapaz.gob.gt\/index.php?rest_route=\/wp\/v2\/posts\/8366"}],"collection":[{"href":"https:\/\/gobernacionaltaverapaz.gob.gt\/index.php?rest_route=\/wp\/v2\/posts"}],"about":[{"href":"https:\/\/gobernacionaltaverapaz.gob.gt\/index.php?rest_route=\/wp\/v2\/types\/post"}],"author":[{"embeddable":true,"href":"https:\/\/gobernacionaltaverapaz.gob.gt\/index.php?rest_route=\/wp\/v2\/users\/1"}],"replies":[{"embeddable":true,"href":"https:\/\/gobernacionaltaverapaz.gob.gt\/index.php?rest_route=%2Fwp%2Fv2%2Fcomments&post=8366"}],"version-history":[{"count":2,"href":"https:\/\/gobernacionaltaverapaz.gob.gt\/index.php?rest_route=\/wp\/v2\/posts\/8366\/revisions"}],"predecessor-version":[{"id":8373,"href":"https:\/\/gobernacionaltaverapaz.gob.gt\/index.php?rest_route=\/wp\/v2\/posts\/8366\/revisions\/8373"}],"wp:featuredmedia":[{"embeddable":true,"href":"https:\/\/gobernacionaltaverapaz.gob.gt\/index.php?rest_route=\/wp\/v2\/media\/8371"}],"wp:attachment":[{"href":"https:\/\/gobernacionaltaverapaz.gob.gt\/index.php?rest_route=%2Fwp%2Fv2%2Fmedia&parent=8366"}],"wp:term":[{"taxonomy":"category","embeddable":true,"href":"https:\/\/gobernacionaltaverapaz.gob.gt\/index.php?rest_route=%2Fwp%2Fv2%2Fcategories&post=8366"},{"taxonomy":"post_tag","embeddable":true,"href":"https:\/\/gobernacionaltaverapaz.gob.gt\/index.php?rest_route=%2Fwp%2Fv2%2Ftags&post=8366"}],"curies":[{"name":"wp","href":"https:\/\/api.w.org\/{rel}","templated":true}]}}