{"id":8374,"date":"2019-10-31T08:00:27","date_gmt":"2019-10-31T14:00:27","guid":{"rendered":"https:\/\/gobernacionaltaverapaz.gob.gt\/?p=8374"},"modified":"2019-10-31T10:25:58","modified_gmt":"2019-10-31T16:25:58","slug":"proyecto-initial-trainer-trainers-itot","status":"publish","type":"post","link":"https:\/\/gobernacionaltaverapaz.gob.gt\/?p=8374","title":{"rendered":"Proyecto Initial Trainer of Trainers -IToT-"},"content":{"rendered":"<p style=\"text-align: justify;\">En el Sal\u00f3n las Am\u00e9ricas del Palacio de la Gobernaci\u00f3n Departamental de Alta Verapaz, el Se\u00f1or Gobernador M.A. Erik Nolberto Guerrero Mili\u00e1n particip\u00f3 en la Clausura del proyecto; Initial Trainer of Trainers -IToT- dirigido a 45 docentes de establecimientos del ciclo B\u00e1sico y Diversificado del sector p\u00fablico y privado de los municipios de: Cob\u00e1n, San Crist\u00f3bal Verapaz, Tactic, San<span class=\"textexposedshow\"> Pedro Carch\u00e1 y San Juan Chamelco del departamento de Alta Verapaz. <\/span><br \/>\n<span class=\"textexposedshow\">El proyecto -IToT- se desarroll\u00f3 a trav\u00e9s de la Asociaci\u00f3n de j\u00f3venes ex becarios del departamento de Estado -AJEDE- del programa, English Learning Programs -ELP- de la embajada de los Estados Unidos a trav\u00e9s de un convenio establecido con el Ministerio de Educaci\u00f3n.<br \/>\n<\/span><br \/>\n<span class=\"textexposedshow\">En la actividad tambi\u00e9n estuvieron presentes: La coordinadora del programa -ELP-, entrenadores de AJEDE y representantes de la Direcci\u00f3n Departamental de Educaci\u00f3n de Alta Verapaz -DIDEDUC-.<\/span><\/p>\n<div><\/div>\n","protected":false},"excerpt":{"rendered":"<p>El proyecto &#8211; IToT- se desarroll\u00f3 a trav\u00e9s de la Asociaci\u00f3n de j\u00f3venes ex becarios del departamento de Estado -AJEDE-.<\/p>\n","protected":false},"author":1,"featured_media":8381,"comment_status":"closed","ping_status":"open","sticky":false,"template":"","format":"gallery","meta":[],"categories":[2],"tags":[178],"_links":{"self":[{"href":"https:\/\/gobernacionaltaverapaz.gob.gt\/index.php?rest_route=\/wp\/v2\/posts\/8374"}],"collection":[{"href":"https:\/\/gobernacionaltaverapaz.gob.gt\/index.php?rest_route=\/wp\/v2\/posts"}],"about":[{"href":"https:\/\/gobernacionaltaverapaz.gob.gt\/index.php?rest_route=\/wp\/v2\/types\/post"}],"author":[{"embeddable":true,"href":"https:\/\/gobernacionaltaverapaz.gob.gt\/index.php?rest_route=\/wp\/v2\/users\/1"}],"replies":[{"embeddable":true,"href":"https:\/\/gobernacionaltaverapaz.gob.gt\/index.php?rest_route=%2Fwp%2Fv2%2Fcomments&post=8374"}],"version-history":[{"count":5,"href":"https:\/\/gobernacionaltaverapaz.gob.gt\/index.php?rest_route=\/wp\/v2\/posts\/8374\/revisions"}],"predecessor-version":[{"id":8386,"href":"https:\/\/gobernacionaltaverapaz.gob.gt\/index.php?rest_route=\/wp\/v2\/posts\/8374\/revisions\/8386"}],"wp:featuredmedia":[{"embeddable":true,"href":"https:\/\/gobernacionaltaverapaz.gob.gt\/index.php?rest_route=\/wp\/v2\/media\/8381"}],"wp:attachment":[{"href":"https:\/\/gobernacionaltaverapaz.gob.gt\/index.php?rest_route=%2Fwp%2Fv2%2Fmedia&parent=8374"}],"wp:term":[{"taxonomy":"category","embeddable":true,"href":"https:\/\/gobernacionaltaverapaz.gob.gt\/index.php?rest_route=%2Fwp%2Fv2%2Fcategories&post=8374"},{"taxonomy":"post_tag","embeddable":true,"href":"https:\/\/gobernacionaltaverapaz.gob.gt\/index.php?rest_route=%2Fwp%2Fv2%2Ftags&post=8374"}],"curies":[{"name":"wp","href":"https:\/\/api.w.org\/{rel}","templated":true}]}}