{"id":8387,"date":"2019-10-31T10:00:50","date_gmt":"2019-10-31T16:00:50","guid":{"rendered":"https:\/\/gobernacionaltaverapaz.gob.gt\/?p=8387"},"modified":"2019-11-04T10:26:22","modified_gmt":"2019-11-04T16:26:22","slug":"clausura-entrega-de-reconocimientos","status":"publish","type":"post","link":"https:\/\/gobernacionaltaverapaz.gob.gt\/?p=8387","title":{"rendered":"Clausura y entrega de reconocimientos"},"content":{"rendered":"<p style=\"text-align: justify;\">En el Hotel Alc\u00e1zar de Do\u00f1a Victoria, Cob\u00e1n, Alta Verapaz, se llev\u00f3 a cabo la clausura y la entrega de reconocimientos por la realizaci\u00f3n del trabajo de certificaci\u00f3n a las fuerzas de primera respuesta del departamento.<\/p>\n<p>En este evento destac\u00f3 la participaci\u00f3n de Heifer, Cruz Roja, Ministerio de Salud, CONRED, COREDUR, Bomberos Voluntarios, Polic\u00eda Municipal de Tr\u00e1nsito, Bomberos Municipales<span class=\"textexposedshow\"> y Departamentales, Scoutt, Reservas Militares, Direcciones de Salud de Alta y Baja Verapaz.<\/span><\/p>\n<p style=\"text-align: justify;\"><span class=\"textexposedshow\">En estas acciones cabe reconocer el esfuerzo de la Coordinaci\u00f3n interinstitucional liderada por CONRED, en el cual se logra la incorporaci\u00f3n de 98 participantes certificados a nivel Latinoamericano.<\/span><br \/>\n<span class=\"textexposedshow\">Se pudo recalcar el compromiso de trabajo y capacitaci\u00f3n, en cursos avanzados y formar un equipo de instructores, as\u00ed como poner en pr\u00e1ctica los conocimientos, ya que dicho sistema funciona en base a la coordinaci\u00f3n general de las instituciones, destaca la importancia de la coordinaci\u00f3n institucional. Los campos de acci\u00f3n, se ver\u00e1n fortalecidos en la secci\u00f3n de operaciones, puesto que viene a fortalecer el comando de incidencias.<br \/>\n<\/span><br \/>\n<span class=\"textexposedshow\">El Gobernador Departamental de Alta Verapaz, M.A. Erik Nolberto Guerrero Mili\u00e1n, reconoci\u00f3 el trabajo y la coordinaci\u00f3n realizada por CONRED Alta Verapaz, especialmente el esfuerzo realizado por el Lic. Luis Emilio Cuz Chavarr\u00eda para el desarrollo de estos eventos.<\/span><\/p>\n<div><\/div>\n","protected":false},"excerpt":{"rendered":"<p>En el Hotel Alc\u00e1zar de Do\u00f1a Victoria, Cob\u00e1n, Alta Verapaz, se llev\u00f3 a cabo la clausura y la entrega de reconocimientos por la realizaci\u00f3n del trabajo de certificaci\u00f3n a las fuerzas de primera respuesta del departamento. En este evento destac\u00f3 la participaci\u00f3n de Heifer, Cruz Roja, Ministerio de Salud, CONRED, COREDUR, Bomberos Voluntarios, Polic\u00eda Municipal [&hellip;]<\/p>\n","protected":false},"author":1,"featured_media":8392,"comment_status":"closed","ping_status":"open","sticky":false,"template":"","format":"gallery","meta":[],"categories":[2],"tags":[178],"_links":{"self":[{"href":"https:\/\/gobernacionaltaverapaz.gob.gt\/index.php?rest_route=\/wp\/v2\/posts\/8387"}],"collection":[{"href":"https:\/\/gobernacionaltaverapaz.gob.gt\/index.php?rest_route=\/wp\/v2\/posts"}],"about":[{"href":"https:\/\/gobernacionaltaverapaz.gob.gt\/index.php?rest_route=\/wp\/v2\/types\/post"}],"author":[{"embeddable":true,"href":"https:\/\/gobernacionaltaverapaz.gob.gt\/index.php?rest_route=\/wp\/v2\/users\/1"}],"replies":[{"embeddable":true,"href":"https:\/\/gobernacionaltaverapaz.gob.gt\/index.php?rest_route=%2Fwp%2Fv2%2Fcomments&post=8387"}],"version-history":[{"count":4,"href":"https:\/\/gobernacionaltaverapaz.gob.gt\/index.php?rest_route=\/wp\/v2\/posts\/8387\/revisions"}],"predecessor-version":[{"id":8396,"href":"https:\/\/gobernacionaltaverapaz.gob.gt\/index.php?rest_route=\/wp\/v2\/posts\/8387\/revisions\/8396"}],"wp:featuredmedia":[{"embeddable":true,"href":"https:\/\/gobernacionaltaverapaz.gob.gt\/index.php?rest_route=\/wp\/v2\/media\/8392"}],"wp:attachment":[{"href":"https:\/\/gobernacionaltaverapaz.gob.gt\/index.php?rest_route=%2Fwp%2Fv2%2Fmedia&parent=8387"}],"wp:term":[{"taxonomy":"category","embeddable":true,"href":"https:\/\/gobernacionaltaverapaz.gob.gt\/index.php?rest_route=%2Fwp%2Fv2%2Fcategories&post=8387"},{"taxonomy":"post_tag","embeddable":true,"href":"https:\/\/gobernacionaltaverapaz.gob.gt\/index.php?rest_route=%2Fwp%2Fv2%2Ftags&post=8387"}],"curies":[{"name":"wp","href":"https:\/\/api.w.org\/{rel}","templated":true}]}}