{"id":8397,"date":"2019-10-31T12:00:04","date_gmt":"2019-10-31T18:00:04","guid":{"rendered":"https:\/\/gobernacionaltaverapaz.gob.gt\/?p=8397"},"modified":"2019-11-04T10:59:24","modified_gmt":"2019-11-04T16:59:24","slug":"fundacin-para-el-desarrollo-educacin-de-la-mujer-indgenafundemi-talita-kumi","status":"publish","type":"post","link":"https:\/\/gobernacionaltaverapaz.gob.gt\/?p=8397","title":{"rendered":"Fundaci\u00f3n para el Desarrollo y Educaci\u00f3n de la Mujer Ind\u00edgena -Fundemi Talita Kumi-"},"content":{"rendered":"<p style=\"text-align: justify;\">En el centro educativo TALITA KUMI de San Pedro Carch\u00e1, Alta Verapaz, se llev\u00f3 a cabo el acto de clausura del ciclo lectivo 2019, en el cual se tuvo a bien graduar del nivel diversificado a 295 estudiantes.<\/p>\n<p style=\"text-align: justify;\">En el evento estuvo presente el Licenciado Armando Tzul, gerente general de FUNDEMI \u2013 TALITA KUMI; la Hermana Zoila Caal, Presidenta de la directiva de FUN<span class=\"textexposedshow\">DEMI \u2013 TALITA KUMI y el M.A. Erik Nolberto Guerrero Mili\u00e1n, Gobernador Departamental de Alta Verapaz.<br \/>\n<\/span><br \/>\n<span class=\"textexposedshow\">En esta actividad Gobernaci\u00f3n Departamental hizo entrega del reconocimiento a la TALITA KUMI, por su desarrollo y aportes a la educaci\u00f3n del departamento; de igual manera se entreg\u00f3 la menci\u00f3n honor\u00edfica de HUESPED DISTINGUIDO al Licenciado Armando Tzul Sagui, por su destacada labor en la educaci\u00f3n integral del conglomerado educativo.<\/span><\/p>\n<div>\n<div><\/div>\n<\/div>\n","protected":false},"excerpt":{"rendered":"<p>Se llev\u00f3 a cabo el acto de clausura del ciclo lectivo 2019, en el cual se tuvo a bien graduar del nivel diversificado a 295 estudiantes.<\/p>\n","protected":false},"author":1,"featured_media":8400,"comment_status":"closed","ping_status":"open","sticky":false,"template":"","format":"gallery","meta":[],"categories":[2],"tags":[178],"_links":{"self":[{"href":"https:\/\/gobernacionaltaverapaz.gob.gt\/index.php?rest_route=\/wp\/v2\/posts\/8397"}],"collection":[{"href":"https:\/\/gobernacionaltaverapaz.gob.gt\/index.php?rest_route=\/wp\/v2\/posts"}],"about":[{"href":"https:\/\/gobernacionaltaverapaz.gob.gt\/index.php?rest_route=\/wp\/v2\/types\/post"}],"author":[{"embeddable":true,"href":"https:\/\/gobernacionaltaverapaz.gob.gt\/index.php?rest_route=\/wp\/v2\/users\/1"}],"replies":[{"embeddable":true,"href":"https:\/\/gobernacionaltaverapaz.gob.gt\/index.php?rest_route=%2Fwp%2Fv2%2Fcomments&post=8397"}],"version-history":[{"count":6,"href":"https:\/\/gobernacionaltaverapaz.gob.gt\/index.php?rest_route=\/wp\/v2\/posts\/8397\/revisions"}],"predecessor-version":[{"id":8408,"href":"https:\/\/gobernacionaltaverapaz.gob.gt\/index.php?rest_route=\/wp\/v2\/posts\/8397\/revisions\/8408"}],"wp:featuredmedia":[{"embeddable":true,"href":"https:\/\/gobernacionaltaverapaz.gob.gt\/index.php?rest_route=\/wp\/v2\/media\/8400"}],"wp:attachment":[{"href":"https:\/\/gobernacionaltaverapaz.gob.gt\/index.php?rest_route=%2Fwp%2Fv2%2Fmedia&parent=8397"}],"wp:term":[{"taxonomy":"category","embeddable":true,"href":"https:\/\/gobernacionaltaverapaz.gob.gt\/index.php?rest_route=%2Fwp%2Fv2%2Fcategories&post=8397"},{"taxonomy":"post_tag","embeddable":true,"href":"https:\/\/gobernacionaltaverapaz.gob.gt\/index.php?rest_route=%2Fwp%2Fv2%2Ftags&post=8397"}],"curies":[{"name":"wp","href":"https:\/\/api.w.org\/{rel}","templated":true}]}}