{"id":8409,"date":"2019-10-31T15:00:55","date_gmt":"2019-10-31T21:00:55","guid":{"rendered":"https:\/\/gobernacionaltaverapaz.gob.gt\/?p=8409"},"modified":"2019-11-04T11:12:23","modified_gmt":"2019-11-04T17:12:23","slug":"reunin-ordinaria-en-las-instalaciones-del-consejo-departamental-de-desarrollo-urbano-rural","status":"publish","type":"post","link":"https:\/\/gobernacionaltaverapaz.gob.gt\/?p=8409","title":{"rendered":"Reuni\u00f3n Ordinaria en las instalaciones del Consejo Departamental de Desarrollo Urbano y Rural"},"content":{"rendered":"<p style=\"text-align: justify;\">En las instalaciones del Consejo Departamental de Desarrollo Urbano y Rural se llev\u00f3 a cabo la reuni\u00f3n ordinaria, en la cual se abord\u00f3 la tem\u00e1tica en cuanto al informe de Asistencia a reuniones 2019, as\u00ed como la Agenda Estrat\u00e9gica 2020; los informes de Avances F\u00edsico y Financieros de los Consejos de Desarrollo de Alta y Baja Verapaz, de igual manera se llev\u00f3 a cabo el an\u00e1lisis y e<span class=\"textexposedshow\">l dictamen de los proyectos financiados por Consejos de Desarrollo.<br \/>\n<\/span><br \/>\n<span class=\"textexposedshow\">En dicha reuni\u00f3n se cont\u00f3 con la presencia del bloque de sociedad Civil, las entidades p\u00fablicas representadas en los departamentos en menci\u00f3n, en esta actividad fue presidida por el Presidente del COREDUR, Regi\u00f3n Norte; Anibal Marroqu\u00edn Garc\u00eda, en dicho evento estuvo presente el Gobernado Departamental de Alta Verapaz, M.A. Erik Nolberto Guerrero Mil\u00e1n. <\/span><\/p>\n<p><img decoding=\"async\" loading=\"lazy\" class=\"alignnone wp-image-8410 \" src=\"https:\/\/gobernacionaltaverapaz.gob.gt\/wp-content\/uploads\/2019\/11\/001-2.jpg\" alt=\"\" width=\"351\" height=\"234\" srcset=\"https:\/\/gobernacionaltaverapaz.gob.gt\/wp-content\/uploads\/2019\/11\/001-2.jpg 900w, https:\/\/gobernacionaltaverapaz.gob.gt\/wp-content\/uploads\/2019\/11\/001-2-300x200.jpg 300w, https:\/\/gobernacionaltaverapaz.gob.gt\/wp-content\/uploads\/2019\/11\/001-2-768x512.jpg 768w\" sizes=\"(max-width: 351px) 100vw, 351px\" \/>\u00a0\u00a0\u00a0\u00a0\u00a0\u00a0 <img decoding=\"async\" loading=\"lazy\" class=\"alignnone wp-image-8411 \" src=\"https:\/\/gobernacionaltaverapaz.gob.gt\/wp-content\/uploads\/2019\/11\/002-2.jpg\" alt=\"\" width=\"351\" height=\"234\" srcset=\"https:\/\/gobernacionaltaverapaz.gob.gt\/wp-content\/uploads\/2019\/11\/002-2.jpg 900w, https:\/\/gobernacionaltaverapaz.gob.gt\/wp-content\/uploads\/2019\/11\/002-2-300x200.jpg 300w, https:\/\/gobernacionaltaverapaz.gob.gt\/wp-content\/uploads\/2019\/11\/002-2-768x512.jpg 768w\" sizes=\"(max-width: 351px) 100vw, 351px\" \/><\/p>\n","protected":false},"excerpt":{"rendered":"<p>Se abord\u00f3 la tem\u00e1tica en cuanto al informe de Asistencia a reuniones 2019, as\u00ed como la Agenda Estrat\u00e9gica 2020; los informes de Avances F\u00edsico y Financieros de los Consejos de Desarrollo de Alta y Baja Verapaz, de igual manera se llev\u00f3 a cabo el an\u00e1lisis y el dictamen de los proyectos financiados por Consejos de Desarrollo.<\/p>\n","protected":false},"author":1,"featured_media":8410,"comment_status":"closed","ping_status":"open","sticky":false,"template":"","format":"gallery","meta":[],"categories":[194],"tags":[178],"_links":{"self":[{"href":"https:\/\/gobernacionaltaverapaz.gob.gt\/index.php?rest_route=\/wp\/v2\/posts\/8409"}],"collection":[{"href":"https:\/\/gobernacionaltaverapaz.gob.gt\/index.php?rest_route=\/wp\/v2\/posts"}],"about":[{"href":"https:\/\/gobernacionaltaverapaz.gob.gt\/index.php?rest_route=\/wp\/v2\/types\/post"}],"author":[{"embeddable":true,"href":"https:\/\/gobernacionaltaverapaz.gob.gt\/index.php?rest_route=\/wp\/v2\/users\/1"}],"replies":[{"embeddable":true,"href":"https:\/\/gobernacionaltaverapaz.gob.gt\/index.php?rest_route=%2Fwp%2Fv2%2Fcomments&post=8409"}],"version-history":[{"count":3,"href":"https:\/\/gobernacionaltaverapaz.gob.gt\/index.php?rest_route=\/wp\/v2\/posts\/8409\/revisions"}],"predecessor-version":[{"id":8414,"href":"https:\/\/gobernacionaltaverapaz.gob.gt\/index.php?rest_route=\/wp\/v2\/posts\/8409\/revisions\/8414"}],"wp:featuredmedia":[{"embeddable":true,"href":"https:\/\/gobernacionaltaverapaz.gob.gt\/index.php?rest_route=\/wp\/v2\/media\/8410"}],"wp:attachment":[{"href":"https:\/\/gobernacionaltaverapaz.gob.gt\/index.php?rest_route=%2Fwp%2Fv2%2Fmedia&parent=8409"}],"wp:term":[{"taxonomy":"category","embeddable":true,"href":"https:\/\/gobernacionaltaverapaz.gob.gt\/index.php?rest_route=%2Fwp%2Fv2%2Fcategories&post=8409"},{"taxonomy":"post_tag","embeddable":true,"href":"https:\/\/gobernacionaltaverapaz.gob.gt\/index.php?rest_route=%2Fwp%2Fv2%2Ftags&post=8409"}],"curies":[{"name":"wp","href":"https:\/\/api.w.org\/{rel}","templated":true}]}}