{"id":8415,"date":"2019-10-31T16:00:06","date_gmt":"2019-10-31T22:00:06","guid":{"rendered":"https:\/\/gobernacionaltaverapaz.gob.gt\/?p=8415"},"modified":"2019-11-04T11:46:30","modified_gmt":"2019-11-04T17:46:30","slug":"reunin-con-representantes-de-centro-educativos","status":"publish","type":"post","link":"https:\/\/gobernacionaltaverapaz.gob.gt\/?p=8415","title":{"rendered":"Reuni\u00f3n con representantes de centros educativos"},"content":{"rendered":"<p style=\"text-align: justify;\">El personal docente y administrativo; representantes de centros educativos por cooperativas, sostuvieron una reuni\u00f3n de trabajo con el Gobernador Departamental de Alta Verapaz, M.A. Erik Nolberto Guerrero Mili\u00e1n, en la cual realizaron consultas relacionadas a la construcci\u00f3n del centro educativo de la Aldea Campur de esa comprensi<span class=\"textexposedshow\">\u00f3n municipal.<\/span><\/p>\n<div><\/div>\n","protected":false},"excerpt":{"rendered":"<p>En la cual realizaron consultas relacionadas a la construcci\u00f3n del centro educativo de la Aldea Campur de esa comprensi\u00f3n municipal.<\/p>\n","protected":false},"author":1,"featured_media":8419,"comment_status":"closed","ping_status":"open","sticky":false,"template":"","format":"gallery","meta":[],"categories":[2],"tags":[178],"_links":{"self":[{"href":"https:\/\/gobernacionaltaverapaz.gob.gt\/index.php?rest_route=\/wp\/v2\/posts\/8415"}],"collection":[{"href":"https:\/\/gobernacionaltaverapaz.gob.gt\/index.php?rest_route=\/wp\/v2\/posts"}],"about":[{"href":"https:\/\/gobernacionaltaverapaz.gob.gt\/index.php?rest_route=\/wp\/v2\/types\/post"}],"author":[{"embeddable":true,"href":"https:\/\/gobernacionaltaverapaz.gob.gt\/index.php?rest_route=\/wp\/v2\/users\/1"}],"replies":[{"embeddable":true,"href":"https:\/\/gobernacionaltaverapaz.gob.gt\/index.php?rest_route=%2Fwp%2Fv2%2Fcomments&post=8415"}],"version-history":[{"count":3,"href":"https:\/\/gobernacionaltaverapaz.gob.gt\/index.php?rest_route=\/wp\/v2\/posts\/8415\/revisions"}],"predecessor-version":[{"id":8423,"href":"https:\/\/gobernacionaltaverapaz.gob.gt\/index.php?rest_route=\/wp\/v2\/posts\/8415\/revisions\/8423"}],"wp:featuredmedia":[{"embeddable":true,"href":"https:\/\/gobernacionaltaverapaz.gob.gt\/index.php?rest_route=\/wp\/v2\/media\/8419"}],"wp:attachment":[{"href":"https:\/\/gobernacionaltaverapaz.gob.gt\/index.php?rest_route=%2Fwp%2Fv2%2Fmedia&parent=8415"}],"wp:term":[{"taxonomy":"category","embeddable":true,"href":"https:\/\/gobernacionaltaverapaz.gob.gt\/index.php?rest_route=%2Fwp%2Fv2%2Fcategories&post=8415"},{"taxonomy":"post_tag","embeddable":true,"href":"https:\/\/gobernacionaltaverapaz.gob.gt\/index.php?rest_route=%2Fwp%2Fv2%2Ftags&post=8415"}],"curies":[{"name":"wp","href":"https:\/\/api.w.org\/{rel}","templated":true}]}}