{"id":8424,"date":"2019-11-01T10:00:32","date_gmt":"2019-11-01T16:00:32","guid":{"rendered":"https:\/\/gobernacionaltaverapaz.gob.gt\/?p=8424"},"modified":"2019-11-04T12:01:35","modified_gmt":"2019-11-04T18:01:35","slug":"acto-de-graduacin-centro-de-atencin-integral-cai","status":"publish","type":"post","link":"https:\/\/gobernacionaltaverapaz.gob.gt\/?p=8424","title":{"rendered":"Acto de Graduaci\u00f3n Centro de Atenci\u00f3n Integral -CAI-"},"content":{"rendered":"<p style=\"text-align: justify;\">El Centro de Atenci\u00f3n Integral -CAI- de la Secretar\u00eda de Bienestar Social de la Presidencia del municipio de Cob\u00e1n Alta Verapaz llev\u00f3 a cabo el Acto de Graduaci\u00f3n de 24 ni\u00f1os, distribuidos de la siguiente manera: 9 peque\u00f1os alumnos del nivel Maternal II y 15 alumnos de preparatoria, en el Sal\u00f3n las Am\u00e9ricas del Palacio de la Gobernaci\u00f3n Departam<span class=\"textexposedshow\">ental de Alta Verapaz. <\/span><\/p>\n<p style=\"text-align: justify;\">El Se\u00f1or Gobernador M.A. Erik Nolberto Guerrero Mili\u00e1n particip\u00f3 en la actividad como autoridad departamental y padrino de del programa &#8220;Educando en Familia&#8221;, programa que fue creado desde el a\u00f1o 2014 y es dirigido a los padres de familia, tambi\u00e9n estuvo presente el Coronel Sergio Maas de la Sexta Brigada de Infanter\u00eda, qui\u00e9n apadrin\u00f3 la promoci\u00f3n de graduandos del nivel pre-primario y Gabriela Beltet\u00f3n Ram\u00edrez, profesora y madrina de ni\u00f1os graduandos del nivel Maternal II del CAI; a qui\u00e9nes tambi\u00e9n se les hizo entrega de un reconocimiento por ser personas que han sido pilar importante dentro de la Instituci\u00f3n.<\/p>\n<p style=\"text-align: justify;\">Esta actividad estuvo coordinada por la licenciada Claudia Mar\u00eda Ram\u00edrez.<\/p>\n<p style=\"text-align: justify;\">En el evento tambi\u00e9n participaron, personal administrativo y docente del CAI, padres de familia, Coordinador T\u00e9cnico Administrativo del Distrito y otras personalidades que apoyaron en el trayecto del presente ciclo escolar.<\/p>\n<div><\/div>\n","protected":false},"excerpt":{"rendered":"<p>El Centro de Atenci\u00f3n Integral -CAI- de la Secretar\u00eda de Bienestar Social de la Presidencia del municipio de Cob\u00e1n Alta Verapaz llev\u00f3 a cabo el Acto de Graduaci\u00f3n de 24 ni\u00f1os, distribuidos de la siguiente manera: 9 peque\u00f1os alumnos del nivel Maternal II y 15 alumnos de preparatoria, en el Sal\u00f3n las Am\u00e9ricas del Palacio [&hellip;]<\/p>\n","protected":false},"author":1,"featured_media":8433,"comment_status":"closed","ping_status":"open","sticky":false,"template":"","format":"gallery","meta":[],"categories":[2],"tags":[178],"_links":{"self":[{"href":"https:\/\/gobernacionaltaverapaz.gob.gt\/index.php?rest_route=\/wp\/v2\/posts\/8424"}],"collection":[{"href":"https:\/\/gobernacionaltaverapaz.gob.gt\/index.php?rest_route=\/wp\/v2\/posts"}],"about":[{"href":"https:\/\/gobernacionaltaverapaz.gob.gt\/index.php?rest_route=\/wp\/v2\/types\/post"}],"author":[{"embeddable":true,"href":"https:\/\/gobernacionaltaverapaz.gob.gt\/index.php?rest_route=\/wp\/v2\/users\/1"}],"replies":[{"embeddable":true,"href":"https:\/\/gobernacionaltaverapaz.gob.gt\/index.php?rest_route=%2Fwp%2Fv2%2Fcomments&post=8424"}],"version-history":[{"count":2,"href":"https:\/\/gobernacionaltaverapaz.gob.gt\/index.php?rest_route=\/wp\/v2\/posts\/8424\/revisions"}],"predecessor-version":[{"id":8435,"href":"https:\/\/gobernacionaltaverapaz.gob.gt\/index.php?rest_route=\/wp\/v2\/posts\/8424\/revisions\/8435"}],"wp:featuredmedia":[{"embeddable":true,"href":"https:\/\/gobernacionaltaverapaz.gob.gt\/index.php?rest_route=\/wp\/v2\/media\/8433"}],"wp:attachment":[{"href":"https:\/\/gobernacionaltaverapaz.gob.gt\/index.php?rest_route=%2Fwp%2Fv2%2Fmedia&parent=8424"}],"wp:term":[{"taxonomy":"category","embeddable":true,"href":"https:\/\/gobernacionaltaverapaz.gob.gt\/index.php?rest_route=%2Fwp%2Fv2%2Fcategories&post=8424"},{"taxonomy":"post_tag","embeddable":true,"href":"https:\/\/gobernacionaltaverapaz.gob.gt\/index.php?rest_route=%2Fwp%2Fv2%2Ftags&post=8424"}],"curies":[{"name":"wp","href":"https:\/\/api.w.org\/{rel}","templated":true}]}}