{"id":8467,"date":"2019-11-07T09:01:54","date_gmt":"2019-11-07T15:01:54","guid":{"rendered":"https:\/\/gobernacionaltaverapaz.gob.gt\/?p=8467"},"modified":"2019-11-08T09:20:21","modified_gmt":"2019-11-08T15:20:21","slug":"red-departamental-contra-la-violencia-sexual-explotacin-trata-de-personas-red-vet","status":"publish","type":"post","link":"https:\/\/gobernacionaltaverapaz.gob.gt\/?p=8467","title":{"rendered":"Red Departamental Contra la Violencia Sexual, Explotaci\u00f3n y Trata de Personas -RED VET-"},"content":{"rendered":"<p style=\"text-align: justify;\">En las instalaciones del Sal\u00f3n de las Am\u00e9ricas, del Palacio de la Gobernaci\u00f3n Departamental de Alta Verapaz, se llev\u00f3 a cabo la reuni\u00f3n mensual de la RED VET de Alta Verapaz, en la cual se tuvo la presentaci\u00f3n de actividades realizadas durante el a\u00f1o 2019 y propuestas para el 2020.<\/p>\n<p style=\"text-align: justify;\">En esta reuni\u00f3n se cont\u00f3 con la participaci\u00f3n de las Ni\u00f1as Voceras de Plan Internac<span class=\"textexposedshow\">ional, en la cual se destac\u00f3 la problem\u00e1tica y acciones realizadas en los temas de violencia sexual.<\/span><\/p>\n<p style=\"text-align: justify;\">Como parte de la reuni\u00f3n RED-VET se abord\u00f3 el tema de la organizaci\u00f3n de la actividad del 25 de noviembre para la conmemoraci\u00f3n del D\u00eda Internacional de la Eliminaci\u00f3n de la Violencia Contra la Mujer.<\/p>\n<div><\/div>\n","protected":false},"excerpt":{"rendered":"<p>En la cual se tuvo la presentaci\u00f3n de actividades realizadas durante el a\u00f1o 2019 y propuestas para el 2020.<\/p>\n","protected":false},"author":1,"featured_media":8471,"comment_status":"closed","ping_status":"open","sticky":false,"template":"","format":"gallery","meta":[],"categories":[197],"tags":[178],"_links":{"self":[{"href":"https:\/\/gobernacionaltaverapaz.gob.gt\/index.php?rest_route=\/wp\/v2\/posts\/8467"}],"collection":[{"href":"https:\/\/gobernacionaltaverapaz.gob.gt\/index.php?rest_route=\/wp\/v2\/posts"}],"about":[{"href":"https:\/\/gobernacionaltaverapaz.gob.gt\/index.php?rest_route=\/wp\/v2\/types\/post"}],"author":[{"embeddable":true,"href":"https:\/\/gobernacionaltaverapaz.gob.gt\/index.php?rest_route=\/wp\/v2\/users\/1"}],"replies":[{"embeddable":true,"href":"https:\/\/gobernacionaltaverapaz.gob.gt\/index.php?rest_route=%2Fwp%2Fv2%2Fcomments&post=8467"}],"version-history":[{"count":3,"href":"https:\/\/gobernacionaltaverapaz.gob.gt\/index.php?rest_route=\/wp\/v2\/posts\/8467\/revisions"}],"predecessor-version":[{"id":8474,"href":"https:\/\/gobernacionaltaverapaz.gob.gt\/index.php?rest_route=\/wp\/v2\/posts\/8467\/revisions\/8474"}],"wp:featuredmedia":[{"embeddable":true,"href":"https:\/\/gobernacionaltaverapaz.gob.gt\/index.php?rest_route=\/wp\/v2\/media\/8471"}],"wp:attachment":[{"href":"https:\/\/gobernacionaltaverapaz.gob.gt\/index.php?rest_route=%2Fwp%2Fv2%2Fmedia&parent=8467"}],"wp:term":[{"taxonomy":"category","embeddable":true,"href":"https:\/\/gobernacionaltaverapaz.gob.gt\/index.php?rest_route=%2Fwp%2Fv2%2Fcategories&post=8467"},{"taxonomy":"post_tag","embeddable":true,"href":"https:\/\/gobernacionaltaverapaz.gob.gt\/index.php?rest_route=%2Fwp%2Fv2%2Ftags&post=8467"}],"curies":[{"name":"wp","href":"https:\/\/api.w.org\/{rel}","templated":true}]}}