{"id":8475,"date":"2019-11-07T14:00:00","date_gmt":"2019-11-07T20:00:00","guid":{"rendered":"https:\/\/gobernacionaltaverapaz.gob.gt\/?p=8475"},"modified":"2019-11-08T09:45:13","modified_gmt":"2019-11-08T15:45:13","slug":"presentacin-de-la-revista-tenamit","status":"publish","type":"post","link":"https:\/\/gobernacionaltaverapaz.gob.gt\/?p=8475","title":{"rendered":"Presentaci\u00f3n de la Revista Re Tenamit"},"content":{"rendered":"<p style=\"text-align: justify;\">En las instalaciones del Palacio de la Gobernaci\u00f3n Departamental de Alta Verapaz, en el Sal\u00f3n de las Am\u00e9ricas se llev\u00f3 a cabo la presentaci\u00f3n de la revista Re Tenamit, auspiciada, elaborada y trabajada por la familia Kat\u00fan, quienes durante 14 a\u00f1os han hecho sus mejores esfuerzos para concatenar las ideas de la conexi\u00f3n literaria, informativa, hist\u00f3rica y situacional del departamento.<\/p>\n<p style=\"text-align: justify;\">Es meritorio reconoc<span class=\"textexposedshow\">er el esfuerzo de la se\u00f1ora Lesbia Kat\u00fan, por su esfuerzo, dedicaci\u00f3n y entrega en estos 14 a\u00f1os de ardua labor en la edici\u00f3n de ese trabajo informativo. En dicho evento estuvo presente el Gobernador Departamental de Alta Verapaz, M.A. Erik Nolberto Guerrero Mili\u00e1n, quien reconoce el esfuerzo literario en la edici\u00f3n de dicha revista. <\/span><\/p>\n<div><\/div>\n","protected":false},"excerpt":{"rendered":"<p>En las instalaciones del Palacio de la Gobernaci\u00f3n Departamental de Alta Verapaz, en el Sal\u00f3n de las Am\u00e9ricas se llev\u00f3 a cabo la presentaci\u00f3n de la revista Re Tenamit, auspiciada, elaborada y trabajada por la familia Kat\u00fan, quienes durante 14 a\u00f1os han hecho sus mejores esfuerzos para concatenar las ideas de la conexi\u00f3n literaria, informativa, [&hellip;]<\/p>\n","protected":false},"author":1,"featured_media":8476,"comment_status":"closed","ping_status":"open","sticky":false,"template":"","format":"gallery","meta":[],"categories":[1],"tags":[178],"_links":{"self":[{"href":"https:\/\/gobernacionaltaverapaz.gob.gt\/index.php?rest_route=\/wp\/v2\/posts\/8475"}],"collection":[{"href":"https:\/\/gobernacionaltaverapaz.gob.gt\/index.php?rest_route=\/wp\/v2\/posts"}],"about":[{"href":"https:\/\/gobernacionaltaverapaz.gob.gt\/index.php?rest_route=\/wp\/v2\/types\/post"}],"author":[{"embeddable":true,"href":"https:\/\/gobernacionaltaverapaz.gob.gt\/index.php?rest_route=\/wp\/v2\/users\/1"}],"replies":[{"embeddable":true,"href":"https:\/\/gobernacionaltaverapaz.gob.gt\/index.php?rest_route=%2Fwp%2Fv2%2Fcomments&post=8475"}],"version-history":[{"count":5,"href":"https:\/\/gobernacionaltaverapaz.gob.gt\/index.php?rest_route=\/wp\/v2\/posts\/8475\/revisions"}],"predecessor-version":[{"id":8484,"href":"https:\/\/gobernacionaltaverapaz.gob.gt\/index.php?rest_route=\/wp\/v2\/posts\/8475\/revisions\/8484"}],"wp:featuredmedia":[{"embeddable":true,"href":"https:\/\/gobernacionaltaverapaz.gob.gt\/index.php?rest_route=\/wp\/v2\/media\/8476"}],"wp:attachment":[{"href":"https:\/\/gobernacionaltaverapaz.gob.gt\/index.php?rest_route=%2Fwp%2Fv2%2Fmedia&parent=8475"}],"wp:term":[{"taxonomy":"category","embeddable":true,"href":"https:\/\/gobernacionaltaverapaz.gob.gt\/index.php?rest_route=%2Fwp%2Fv2%2Fcategories&post=8475"},{"taxonomy":"post_tag","embeddable":true,"href":"https:\/\/gobernacionaltaverapaz.gob.gt\/index.php?rest_route=%2Fwp%2Fv2%2Ftags&post=8475"}],"curies":[{"name":"wp","href":"https:\/\/api.w.org\/{rel}","templated":true}]}}