{"id":8507,"date":"2019-11-18T07:00:56","date_gmt":"2019-11-18T13:00:56","guid":{"rendered":"https:\/\/gobernacionaltaverapaz.gob.gt\/?p=8507"},"modified":"2019-11-18T10:23:35","modified_gmt":"2019-11-18T16:23:35","slug":"diplomado-de-derecho-de-familia","status":"publish","type":"post","link":"https:\/\/gobernacionaltaverapaz.gob.gt\/?p=8507","title":{"rendered":"Diplomado de Derecho de Familia"},"content":{"rendered":"<p style=\"text-align: justify;\">En el Palacio de la Gobernaci\u00f3n Departamental de Alta Verapaz, se llev\u00f3 a cabo la clausura del Diplomado de Derecho de Familia, para los profesionales del Derecho. En dicho evento se hicieron entrega de reconocimientos a las autoridades de los colegios, agremiados, docentes, y facilitadores presentes. El diplomado estuvo coordinado por El Consejo de Administraci\u00f3n de la Cooperativa Integral de Ahorro y Cr\u00e9dito de los Profesionales de las Ciencias Jur\u00eddicas y Sociales de las Verapaces, \u201cLeonardo Otoniel Delgado M\u00e9ndez\u201d, Responsabilidad Limitada. CICAPROVERA, R.L.<\/p>\n<p style=\"text-align: justify;\">En la actividad, le otorgan el reconocimiento en su funci\u00f3n de Gobernador Departamental al M.A. Erik Nolberto Guerrero Mili\u00e1n, por su apoyo institucional en la realizaci\u00f3n del diplomado, realizado en la Ciudad de Cob\u00e1n, Alta Verapaz.<\/p>\n<div><\/div>\n","protected":false},"excerpt":{"rendered":"<p>En dicho evento se hicieron entrega de reconocimientos a las autoridades de los colegios, agremiados, docentes, y facilitadores presentes.<\/p>\n","protected":false},"author":1,"featured_media":8508,"comment_status":"closed","ping_status":"open","sticky":false,"template":"","format":"gallery","meta":[],"categories":[2],"tags":[178],"_links":{"self":[{"href":"https:\/\/gobernacionaltaverapaz.gob.gt\/index.php?rest_route=\/wp\/v2\/posts\/8507"}],"collection":[{"href":"https:\/\/gobernacionaltaverapaz.gob.gt\/index.php?rest_route=\/wp\/v2\/posts"}],"about":[{"href":"https:\/\/gobernacionaltaverapaz.gob.gt\/index.php?rest_route=\/wp\/v2\/types\/post"}],"author":[{"embeddable":true,"href":"https:\/\/gobernacionaltaverapaz.gob.gt\/index.php?rest_route=\/wp\/v2\/users\/1"}],"replies":[{"embeddable":true,"href":"https:\/\/gobernacionaltaverapaz.gob.gt\/index.php?rest_route=%2Fwp%2Fv2%2Fcomments&post=8507"}],"version-history":[{"count":3,"href":"https:\/\/gobernacionaltaverapaz.gob.gt\/index.php?rest_route=\/wp\/v2\/posts\/8507\/revisions"}],"predecessor-version":[{"id":8515,"href":"https:\/\/gobernacionaltaverapaz.gob.gt\/index.php?rest_route=\/wp\/v2\/posts\/8507\/revisions\/8515"}],"wp:featuredmedia":[{"embeddable":true,"href":"https:\/\/gobernacionaltaverapaz.gob.gt\/index.php?rest_route=\/wp\/v2\/media\/8508"}],"wp:attachment":[{"href":"https:\/\/gobernacionaltaverapaz.gob.gt\/index.php?rest_route=%2Fwp%2Fv2%2Fmedia&parent=8507"}],"wp:term":[{"taxonomy":"category","embeddable":true,"href":"https:\/\/gobernacionaltaverapaz.gob.gt\/index.php?rest_route=%2Fwp%2Fv2%2Fcategories&post=8507"},{"taxonomy":"post_tag","embeddable":true,"href":"https:\/\/gobernacionaltaverapaz.gob.gt\/index.php?rest_route=%2Fwp%2Fv2%2Ftags&post=8507"}],"curies":[{"name":"wp","href":"https:\/\/api.w.org\/{rel}","templated":true}]}}