{"id":8516,"date":"2019-11-18T09:00:17","date_gmt":"2019-11-18T15:00:17","guid":{"rendered":"https:\/\/gobernacionaltaverapaz.gob.gt\/?p=8516"},"modified":"2019-11-21T10:19:17","modified_gmt":"2019-11-21T16:19:17","slug":"carrera-ecolgica-del-reservista","status":"publish","type":"post","link":"https:\/\/gobernacionaltaverapaz.gob.gt\/?p=8516","title":{"rendered":"Carrera Ecol\u00f3gica del Reservista"},"content":{"rendered":"<p style=\"text-align: justify;\">Este evento atl\u00e9tico en su tercera edici\u00f3n, realizado en las instalaciones del Comando Regional de Entrenamiento de Operaciones de Mantenimiento de Paz -CREOMPAZ-, constaba de 8 kil\u00f3metros, donde participaban: ni\u00f1os, j\u00f3venes, adultos, entre ellos incluyendo a Reservistas de su LXV promoci\u00f3n.<\/p>\n<p style=\"text-align: justify;\">En el acto protocolario asistieron distintas personalidades importantes, tales como: Mar\u00eda Elena Winter, Lic. Jennie Aime\u00e9 Molina M<span class=\"textexposedshow\">or\u00e1n, M.A. Erik Nolberto Guerrero Mili\u00e1n, a quienes se les reconoci\u00f3 su labor en la valiosa formaci\u00f3n de los reservistas. Al culminar se premiaron a los ganadores de sus distintas ramas.<\/span><\/p>\n<div><\/div>\n","protected":false},"excerpt":{"rendered":"<p>Al culminar se premiaron a los ganadores de sus distintas ramas.<\/p>\n","protected":false},"author":1,"featured_media":8525,"comment_status":"closed","ping_status":"open","sticky":false,"template":"","format":"gallery","meta":[],"categories":[6],"tags":[178],"_links":{"self":[{"href":"https:\/\/gobernacionaltaverapaz.gob.gt\/index.php?rest_route=\/wp\/v2\/posts\/8516"}],"collection":[{"href":"https:\/\/gobernacionaltaverapaz.gob.gt\/index.php?rest_route=\/wp\/v2\/posts"}],"about":[{"href":"https:\/\/gobernacionaltaverapaz.gob.gt\/index.php?rest_route=\/wp\/v2\/types\/post"}],"author":[{"embeddable":true,"href":"https:\/\/gobernacionaltaverapaz.gob.gt\/index.php?rest_route=\/wp\/v2\/users\/1"}],"replies":[{"embeddable":true,"href":"https:\/\/gobernacionaltaverapaz.gob.gt\/index.php?rest_route=%2Fwp%2Fv2%2Fcomments&post=8516"}],"version-history":[{"count":2,"href":"https:\/\/gobernacionaltaverapaz.gob.gt\/index.php?rest_route=\/wp\/v2\/posts\/8516\/revisions"}],"predecessor-version":[{"id":8529,"href":"https:\/\/gobernacionaltaverapaz.gob.gt\/index.php?rest_route=\/wp\/v2\/posts\/8516\/revisions\/8529"}],"wp:featuredmedia":[{"embeddable":true,"href":"https:\/\/gobernacionaltaverapaz.gob.gt\/index.php?rest_route=\/wp\/v2\/media\/8525"}],"wp:attachment":[{"href":"https:\/\/gobernacionaltaverapaz.gob.gt\/index.php?rest_route=%2Fwp%2Fv2%2Fmedia&parent=8516"}],"wp:term":[{"taxonomy":"category","embeddable":true,"href":"https:\/\/gobernacionaltaverapaz.gob.gt\/index.php?rest_route=%2Fwp%2Fv2%2Fcategories&post=8516"},{"taxonomy":"post_tag","embeddable":true,"href":"https:\/\/gobernacionaltaverapaz.gob.gt\/index.php?rest_route=%2Fwp%2Fv2%2Ftags&post=8516"}],"curies":[{"name":"wp","href":"https:\/\/api.w.org\/{rel}","templated":true}]}}