{"id":8530,"date":"2019-11-18T11:00:56","date_gmt":"2019-11-18T17:00:56","guid":{"rendered":"https:\/\/gobernacionaltaverapaz.gob.gt\/?p=8530"},"modified":"2019-11-21T10:30:06","modified_gmt":"2019-11-21T16:30:06","slug":"servicio-cvico-2","status":"publish","type":"post","link":"https:\/\/gobernacionaltaverapaz.gob.gt\/?p=8530","title":{"rendered":"Servicio C\u00edvico"},"content":{"rendered":"<p style=\"text-align: justify;\">En el Sal\u00f3n de las Am\u00e9ricas, del Palacio de la Gobernaci\u00f3n Departamental de Alta Verapaz, se llev\u00f3 a cabo la reuni\u00f3n para socializar la actividad de dicho servicio, el cual para el a\u00f1o 2020, se tiene proyectado la inclusi\u00f3n de 435 j\u00f3venes.<\/p>\n<p style=\"text-align: justify;\">En el cual destacan Reservas Militares 250, MIDES, 50, SAT 50, MAGA 34, PNC 24. En la actividad, se realiz\u00f3 el nombramiento del responsable del alistamiento para el a\u00f1o 2020, dicha respo<span class=\"textexposedshow\">nsabilidad fue delegada a Gobernaci\u00f3n Departamental. El Gobernador Departamental de Alta Verapaz, M.A. Erik Nolberto Guerrero Mili\u00e1n, agradeci\u00f3 a la delegaci\u00f3n de personeros del Servicio C\u00edvico por el aporte a este departamento. <\/span><\/p>\n<div><\/div>\n","protected":false},"excerpt":{"rendered":"<p>Se llev\u00f3 a cabo la reuni\u00f3n para socializar la actividad de dicho servicio, el cual para el a\u00f1o 2020, se tiene proyectado la inclusi\u00f3n de 435 j\u00f3venes.<\/p>\n","protected":false},"author":1,"featured_media":8534,"comment_status":"closed","ping_status":"open","sticky":false,"template":"","format":"standard","meta":[],"categories":[183],"tags":[178],"_links":{"self":[{"href":"https:\/\/gobernacionaltaverapaz.gob.gt\/index.php?rest_route=\/wp\/v2\/posts\/8530"}],"collection":[{"href":"https:\/\/gobernacionaltaverapaz.gob.gt\/index.php?rest_route=\/wp\/v2\/posts"}],"about":[{"href":"https:\/\/gobernacionaltaverapaz.gob.gt\/index.php?rest_route=\/wp\/v2\/types\/post"}],"author":[{"embeddable":true,"href":"https:\/\/gobernacionaltaverapaz.gob.gt\/index.php?rest_route=\/wp\/v2\/users\/1"}],"replies":[{"embeddable":true,"href":"https:\/\/gobernacionaltaverapaz.gob.gt\/index.php?rest_route=%2Fwp%2Fv2%2Fcomments&post=8530"}],"version-history":[{"count":3,"href":"https:\/\/gobernacionaltaverapaz.gob.gt\/index.php?rest_route=\/wp\/v2\/posts\/8530\/revisions"}],"predecessor-version":[{"id":8537,"href":"https:\/\/gobernacionaltaverapaz.gob.gt\/index.php?rest_route=\/wp\/v2\/posts\/8530\/revisions\/8537"}],"wp:featuredmedia":[{"embeddable":true,"href":"https:\/\/gobernacionaltaverapaz.gob.gt\/index.php?rest_route=\/wp\/v2\/media\/8534"}],"wp:attachment":[{"href":"https:\/\/gobernacionaltaverapaz.gob.gt\/index.php?rest_route=%2Fwp%2Fv2%2Fmedia&parent=8530"}],"wp:term":[{"taxonomy":"category","embeddable":true,"href":"https:\/\/gobernacionaltaverapaz.gob.gt\/index.php?rest_route=%2Fwp%2Fv2%2Fcategories&post=8530"},{"taxonomy":"post_tag","embeddable":true,"href":"https:\/\/gobernacionaltaverapaz.gob.gt\/index.php?rest_route=%2Fwp%2Fv2%2Ftags&post=8530"}],"curies":[{"name":"wp","href":"https:\/\/api.w.org\/{rel}","templated":true}]}}