{"id":8559,"date":"2019-11-21T10:00:22","date_gmt":"2019-11-21T16:00:22","guid":{"rendered":"https:\/\/gobernacionaltaverapaz.gob.gt\/?p=8559"},"modified":"2019-11-26T08:53:19","modified_gmt":"2019-11-26T14:53:19","slug":"inauguracin-de-escuela-oficial-urbana-mixta-rafael-landvar-aldea-san-agustn","status":"publish","type":"post","link":"https:\/\/gobernacionaltaverapaz.gob.gt\/?p=8559","title":{"rendered":"Inauguraci\u00f3n de Escuela Oficial Urbana Mixta Rafael Land\u00edvar, aldea San Agust\u00edn"},"content":{"rendered":"<p style=\"text-align: justify;\">Se llev\u00f3 a cabo la inauguraci\u00f3n del proyecto de Ampliaci\u00f3n de la Escuela Oficial Urbana Mixta Rafael Land\u00edvar Aldea San Agust\u00edn Chahal, del departamento de Alta Verapaz, cuya moderna construcci\u00f3n cuenta con 11 aulas, un centro de c\u00f3mputo con 32 computadoras, para el fortalecimiento de los recursos tecnol\u00f3gicos, una bodega, una sala de profesores, un generador el\u00e9ctrico, dos sets de ba\u00f1os, un<span class=\"textexposedshow\">a cancha polideportiva, juegos recreativos y jardinizaci\u00f3n.<\/span><\/p>\n<p style=\"text-align: justify;\">En la actividad, estuvieron presentes el claustro de maestros, miembros del Consejo Comunitario de Desarrollo -COCODES- miembros de la comunidad educativa, autoridades locales, Consejo Municipal; en el cual destac\u00f3 la presencia del Se\u00f1or Alcalde Municipal, Lic. Carlos C\u00f3rdova, del Inspector de PNC, Rigoberto Pascual Espino y el Gobernador Departamental de Alta Verapaz, M.A. Erik Nolberto Guerrero Mili\u00e1n.<\/p>\n<div><\/div>\n","protected":false},"excerpt":{"rendered":"<p>Cuya moderna construcci\u00f3n cuenta con 11 aulas, un centro de c\u00f3mputo con 32 computadoras, para el fortalecimiento de los recursos tecnol\u00f3gicos, una bodega, una sala de profesores, un generador el\u00e9ctrico, dos sets de ba\u00f1os, una cancha polideportiva, juegos recreativos y jardinizaci\u00f3n.<\/p>\n","protected":false},"author":1,"featured_media":8564,"comment_status":"closed","ping_status":"open","sticky":false,"template":"","format":"gallery","meta":[],"categories":[2],"tags":[178],"_links":{"self":[{"href":"https:\/\/gobernacionaltaverapaz.gob.gt\/index.php?rest_route=\/wp\/v2\/posts\/8559"}],"collection":[{"href":"https:\/\/gobernacionaltaverapaz.gob.gt\/index.php?rest_route=\/wp\/v2\/posts"}],"about":[{"href":"https:\/\/gobernacionaltaverapaz.gob.gt\/index.php?rest_route=\/wp\/v2\/types\/post"}],"author":[{"embeddable":true,"href":"https:\/\/gobernacionaltaverapaz.gob.gt\/index.php?rest_route=\/wp\/v2\/users\/1"}],"replies":[{"embeddable":true,"href":"https:\/\/gobernacionaltaverapaz.gob.gt\/index.php?rest_route=%2Fwp%2Fv2%2Fcomments&post=8559"}],"version-history":[{"count":2,"href":"https:\/\/gobernacionaltaverapaz.gob.gt\/index.php?rest_route=\/wp\/v2\/posts\/8559\/revisions"}],"predecessor-version":[{"id":8570,"href":"https:\/\/gobernacionaltaverapaz.gob.gt\/index.php?rest_route=\/wp\/v2\/posts\/8559\/revisions\/8570"}],"wp:featuredmedia":[{"embeddable":true,"href":"https:\/\/gobernacionaltaverapaz.gob.gt\/index.php?rest_route=\/wp\/v2\/media\/8564"}],"wp:attachment":[{"href":"https:\/\/gobernacionaltaverapaz.gob.gt\/index.php?rest_route=%2Fwp%2Fv2%2Fmedia&parent=8559"}],"wp:term":[{"taxonomy":"category","embeddable":true,"href":"https:\/\/gobernacionaltaverapaz.gob.gt\/index.php?rest_route=%2Fwp%2Fv2%2Fcategories&post=8559"},{"taxonomy":"post_tag","embeddable":true,"href":"https:\/\/gobernacionaltaverapaz.gob.gt\/index.php?rest_route=%2Fwp%2Fv2%2Ftags&post=8559"}],"curies":[{"name":"wp","href":"https:\/\/api.w.org\/{rel}","templated":true}]}}