{"id":8578,"date":"2019-11-21T13:00:08","date_gmt":"2019-11-21T19:00:08","guid":{"rendered":"https:\/\/gobernacionaltaverapaz.gob.gt\/?p=8578"},"modified":"2019-11-26T09:28:21","modified_gmt":"2019-11-26T15:28:21","slug":"desfile-inaugural-de-feria","status":"publish","type":"post","link":"https:\/\/gobernacionaltaverapaz.gob.gt\/?p=8578","title":{"rendered":"Desfile inaugural de feria"},"content":{"rendered":"<p style=\"text-align: justify;\">En las principales calles del municipio de Santa Catalina La Tinta, del departamento de Alta Verapaz, se llev\u00f3 a cabo el desfile inaugural de la feria 2019.<\/p>\n<p style=\"text-align: justify;\">En el cual participaron las principales Autoridades Locales encabezadas por el Se\u00f1or Alcalde Municipal, ciudadano Jos\u00e9 Everildo Morataya; jefes y elementos de Polic\u00eda Nacional Civil, Ej\u00e9rcito de Guatemala, Bomberos Municipales; representantes de la Belleza<span class=\"textexposedshow\">, escuelas deportivas municipales, entre otras.<\/span><\/p>\n<p style=\"text-align: justify;\">Se cont\u00f3 con la participaci\u00f3n de bandas locales e invitadas. En dicho evento estuvo presente el Gobernador Departamental de Alta Verapaz, M.A. Erik Nolberto Guerrero Mili\u00e1n, quien brind\u00f3 un saludo a las autoridades presentes, invitados espaciales, en el cual destac\u00f3, el hecho de vivir en paz, en representaci\u00f3n del Se\u00f1or Presidente Constitucional de la Rep\u00fablica, tuvo el honor de hacer la declaratoria de inauguraci\u00f3n de la feria municipal.<\/p>\n<div><\/div>\n","protected":false},"excerpt":{"rendered":"<p>En las principales calles del municipio de Santa Catalina La Tinta, del departamento de Alta Verapaz, se llev\u00f3 a cabo el desfile inaugural de la feria 2019. En el cual participaron las principales Autoridades Locales encabezadas por el Se\u00f1or Alcalde Municipal, ciudadano Jos\u00e9 Everildo Morataya; jefes y elementos de Polic\u00eda Nacional Civil, Ej\u00e9rcito de Guatemala, [&hellip;]<\/p>\n","protected":false},"author":1,"featured_media":8584,"comment_status":"closed","ping_status":"open","sticky":false,"template":"","format":"gallery","meta":[],"categories":[183],"tags":[178],"_links":{"self":[{"href":"https:\/\/gobernacionaltaverapaz.gob.gt\/index.php?rest_route=\/wp\/v2\/posts\/8578"}],"collection":[{"href":"https:\/\/gobernacionaltaverapaz.gob.gt\/index.php?rest_route=\/wp\/v2\/posts"}],"about":[{"href":"https:\/\/gobernacionaltaverapaz.gob.gt\/index.php?rest_route=\/wp\/v2\/types\/post"}],"author":[{"embeddable":true,"href":"https:\/\/gobernacionaltaverapaz.gob.gt\/index.php?rest_route=\/wp\/v2\/users\/1"}],"replies":[{"embeddable":true,"href":"https:\/\/gobernacionaltaverapaz.gob.gt\/index.php?rest_route=%2Fwp%2Fv2%2Fcomments&post=8578"}],"version-history":[{"count":3,"href":"https:\/\/gobernacionaltaverapaz.gob.gt\/index.php?rest_route=\/wp\/v2\/posts\/8578\/revisions"}],"predecessor-version":[{"id":8589,"href":"https:\/\/gobernacionaltaverapaz.gob.gt\/index.php?rest_route=\/wp\/v2\/posts\/8578\/revisions\/8589"}],"wp:featuredmedia":[{"embeddable":true,"href":"https:\/\/gobernacionaltaverapaz.gob.gt\/index.php?rest_route=\/wp\/v2\/media\/8584"}],"wp:attachment":[{"href":"https:\/\/gobernacionaltaverapaz.gob.gt\/index.php?rest_route=%2Fwp%2Fv2%2Fmedia&parent=8578"}],"wp:term":[{"taxonomy":"category","embeddable":true,"href":"https:\/\/gobernacionaltaverapaz.gob.gt\/index.php?rest_route=%2Fwp%2Fv2%2Fcategories&post=8578"},{"taxonomy":"post_tag","embeddable":true,"href":"https:\/\/gobernacionaltaverapaz.gob.gt\/index.php?rest_route=%2Fwp%2Fv2%2Ftags&post=8578"}],"curies":[{"name":"wp","href":"https:\/\/api.w.org\/{rel}","templated":true}]}}