{"id":8590,"date":"2019-11-22T09:00:30","date_gmt":"2019-11-22T15:00:30","guid":{"rendered":"https:\/\/gobernacionaltaverapaz.gob.gt\/?p=8590"},"modified":"2019-11-26T09:37:39","modified_gmt":"2019-11-26T15:37:39","slug":"comisin-de-ambiente-recursos-naturales-comarn","status":"publish","type":"post","link":"https:\/\/gobernacionaltaverapaz.gob.gt\/?p=8590","title":{"rendered":"Comisi\u00f3n de Ambiente Recursos Naturales -COMARN-"},"content":{"rendered":"<p>En las instalaciones del Hotel Alc\u00e1zar de Do\u00f1a Victoria, se llev\u00f3 a cabo la sexta reuni\u00f3n de la Comisi\u00f3n de Ambiente y Recursos Naturales -COMARN-.<\/p>\n<p>Los temas tratados fueron la socializaci\u00f3n Internacional con las municipalidades, acuerdo Ministerial 264-2019, listado taxativo de proyectos, obras, industrias o actividades; servicios ambientales y amenazas en el Parque Nacional Las Victorias; acciones del manejo d<span class=\"textexposedshow\">e los recursos naturales en RENACE; actividades 2019 de Educaci\u00f3n Ambiental. <\/span><\/p>\n<p><img decoding=\"async\" loading=\"lazy\" class=\"alignnone wp-image-8591 \" src=\"https:\/\/gobernacionaltaverapaz.gob.gt\/wp-content\/uploads\/2019\/11\/001-20.jpg\" alt=\"\" width=\"350\" height=\"233\" srcset=\"https:\/\/gobernacionaltaverapaz.gob.gt\/wp-content\/uploads\/2019\/11\/001-20.jpg 900w, https:\/\/gobernacionaltaverapaz.gob.gt\/wp-content\/uploads\/2019\/11\/001-20-300x200.jpg 300w, https:\/\/gobernacionaltaverapaz.gob.gt\/wp-content\/uploads\/2019\/11\/001-20-768x512.jpg 768w\" sizes=\"(max-width: 350px) 100vw, 350px\" \/>\u00a0\u00a0\u00a0\u00a0\u00a0 <img decoding=\"async\" loading=\"lazy\" class=\"alignnone wp-image-8592 \" src=\"https:\/\/gobernacionaltaverapaz.gob.gt\/wp-content\/uploads\/2019\/11\/002-20.jpg\" alt=\"\" width=\"350\" height=\"233\" srcset=\"https:\/\/gobernacionaltaverapaz.gob.gt\/wp-content\/uploads\/2019\/11\/002-20.jpg 900w, https:\/\/gobernacionaltaverapaz.gob.gt\/wp-content\/uploads\/2019\/11\/002-20-300x200.jpg 300w, https:\/\/gobernacionaltaverapaz.gob.gt\/wp-content\/uploads\/2019\/11\/002-20-768x512.jpg 768w\" sizes=\"(max-width: 350px) 100vw, 350px\" \/><\/p>\n","protected":false},"excerpt":{"rendered":"<p>Los temas tratados fueron la socializaci\u00f3n Internacional con las municipalidades.<\/p>\n","protected":false},"author":1,"featured_media":8593,"comment_status":"closed","ping_status":"open","sticky":false,"template":"","format":"standard","meta":[],"categories":[191],"tags":[178],"_links":{"self":[{"href":"https:\/\/gobernacionaltaverapaz.gob.gt\/index.php?rest_route=\/wp\/v2\/posts\/8590"}],"collection":[{"href":"https:\/\/gobernacionaltaverapaz.gob.gt\/index.php?rest_route=\/wp\/v2\/posts"}],"about":[{"href":"https:\/\/gobernacionaltaverapaz.gob.gt\/index.php?rest_route=\/wp\/v2\/types\/post"}],"author":[{"embeddable":true,"href":"https:\/\/gobernacionaltaverapaz.gob.gt\/index.php?rest_route=\/wp\/v2\/users\/1"}],"replies":[{"embeddable":true,"href":"https:\/\/gobernacionaltaverapaz.gob.gt\/index.php?rest_route=%2Fwp%2Fv2%2Fcomments&post=8590"}],"version-history":[{"count":1,"href":"https:\/\/gobernacionaltaverapaz.gob.gt\/index.php?rest_route=\/wp\/v2\/posts\/8590\/revisions"}],"predecessor-version":[{"id":8594,"href":"https:\/\/gobernacionaltaverapaz.gob.gt\/index.php?rest_route=\/wp\/v2\/posts\/8590\/revisions\/8594"}],"wp:featuredmedia":[{"embeddable":true,"href":"https:\/\/gobernacionaltaverapaz.gob.gt\/index.php?rest_route=\/wp\/v2\/media\/8593"}],"wp:attachment":[{"href":"https:\/\/gobernacionaltaverapaz.gob.gt\/index.php?rest_route=%2Fwp%2Fv2%2Fmedia&parent=8590"}],"wp:term":[{"taxonomy":"category","embeddable":true,"href":"https:\/\/gobernacionaltaverapaz.gob.gt\/index.php?rest_route=%2Fwp%2Fv2%2Fcategories&post=8590"},{"taxonomy":"post_tag","embeddable":true,"href":"https:\/\/gobernacionaltaverapaz.gob.gt\/index.php?rest_route=%2Fwp%2Fv2%2Ftags&post=8590"}],"curies":[{"name":"wp","href":"https:\/\/api.w.org\/{rel}","templated":true}]}}