{"id":8595,"date":"2019-11-22T14:00:09","date_gmt":"2019-11-22T20:00:09","guid":{"rendered":"https:\/\/gobernacionaltaverapaz.gob.gt\/?p=8595"},"modified":"2019-11-26T09:48:11","modified_gmt":"2019-11-26T15:48:11","slug":"plan-nacional-de-prevencin-de-embarazos-en-adolescentes-planea","status":"publish","type":"post","link":"https:\/\/gobernacionaltaverapaz.gob.gt\/?p=8595","title":{"rendered":"Plan Nacional de Prevenci\u00f3n de Embarazos en Adolescentes -PLANEA-"},"content":{"rendered":"<p style=\"text-align: justify;\">En el Sal\u00f3n de las Am\u00e9ricas del Palacio de la Gobernaci\u00f3n Departamental de Alta Verapaz, se llev\u00f3 a cabo la reuni\u00f3n ordinaria de PLANEA, con la mesa de Cooperantes.<\/p>\n<p style=\"text-align: justify;\">El objeto de la reuni\u00f3n estuvo basado en definir el curso en el mediano plazo para abordar de forma integral la problem\u00e1tica de los embarazos en adolescentes y contribuir a la prevenci\u00f3n de los mismos, para lo cual se pretende<span class=\"textexposedshow\"> fortalecer el proyecto de vida de los adolescentes. <\/span><\/p>\n<p style=\"text-align: justify;\">Los temas m\u00e1s importantes y destacados: presentaci\u00f3n de resultados 2019, estudio en adolescentes, estrategia de comunicaci\u00f3n PLANEA, evaluaci\u00f3n de actividades realizadas en el 2019.<\/p>\n<p style=\"text-align: justify;\">En dicha reuni\u00f3n se destac\u00f3 la participaci\u00f3n del Gobernador Departamental de Alta Verapaz, M.A. Erik Nolberto Guerrero Mili\u00e1n, quien abord\u00f3 la importancia de dicha mesa en el impacto a la poblaci\u00f3n joven del departamento. Tambi\u00e9n agradeci\u00f3 la participaci\u00f3n de las entidades que han aportado a dicho desarrollo.<\/p>\n<p><img decoding=\"async\" loading=\"lazy\" class=\"alignnone wp-image-8597 \" src=\"https:\/\/gobernacionaltaverapaz.gob.gt\/wp-content\/uploads\/2019\/11\/002-21.jpg\" alt=\"\" width=\"350\" height=\"233\" srcset=\"https:\/\/gobernacionaltaverapaz.gob.gt\/wp-content\/uploads\/2019\/11\/002-21.jpg 900w, https:\/\/gobernacionaltaverapaz.gob.gt\/wp-content\/uploads\/2019\/11\/002-21-300x200.jpg 300w, https:\/\/gobernacionaltaverapaz.gob.gt\/wp-content\/uploads\/2019\/11\/002-21-768x512.jpg 768w\" sizes=\"(max-width: 350px) 100vw, 350px\" \/>\u00a0\u00a0\u00a0\u00a0 \u00a0\u00a0 <img decoding=\"async\" loading=\"lazy\" class=\"alignnone wp-image-8598 \" src=\"https:\/\/gobernacionaltaverapaz.gob.gt\/wp-content\/uploads\/2019\/11\/003-19.jpg\" alt=\"\" width=\"350\" height=\"233\" srcset=\"https:\/\/gobernacionaltaverapaz.gob.gt\/wp-content\/uploads\/2019\/11\/003-19.jpg 900w, https:\/\/gobernacionaltaverapaz.gob.gt\/wp-content\/uploads\/2019\/11\/003-19-300x200.jpg 300w, https:\/\/gobernacionaltaverapaz.gob.gt\/wp-content\/uploads\/2019\/11\/003-19-768x512.jpg 768w\" sizes=\"(max-width: 350px) 100vw, 350px\" \/><\/p>\n","protected":false},"excerpt":{"rendered":"<p>El objeto de la reuni\u00f3n estuvo basado en definir el curso en el mediano plazo para abordar de forma integral la problem\u00e1tica de los embarazos en adolescentes y contribuir a la prevenci\u00f3n de los mismos, para lo cual se pretende fortalecer el proyecto de vida de los adolescentes. <\/p>\n","protected":false},"author":1,"featured_media":8596,"comment_status":"closed","ping_status":"open","sticky":false,"template":"","format":"standard","meta":[],"categories":[5],"tags":[178],"_links":{"self":[{"href":"https:\/\/gobernacionaltaverapaz.gob.gt\/index.php?rest_route=\/wp\/v2\/posts\/8595"}],"collection":[{"href":"https:\/\/gobernacionaltaverapaz.gob.gt\/index.php?rest_route=\/wp\/v2\/posts"}],"about":[{"href":"https:\/\/gobernacionaltaverapaz.gob.gt\/index.php?rest_route=\/wp\/v2\/types\/post"}],"author":[{"embeddable":true,"href":"https:\/\/gobernacionaltaverapaz.gob.gt\/index.php?rest_route=\/wp\/v2\/users\/1"}],"replies":[{"embeddable":true,"href":"https:\/\/gobernacionaltaverapaz.gob.gt\/index.php?rest_route=%2Fwp%2Fv2%2Fcomments&post=8595"}],"version-history":[{"count":4,"href":"https:\/\/gobernacionaltaverapaz.gob.gt\/index.php?rest_route=\/wp\/v2\/posts\/8595\/revisions"}],"predecessor-version":[{"id":8602,"href":"https:\/\/gobernacionaltaverapaz.gob.gt\/index.php?rest_route=\/wp\/v2\/posts\/8595\/revisions\/8602"}],"wp:featuredmedia":[{"embeddable":true,"href":"https:\/\/gobernacionaltaverapaz.gob.gt\/index.php?rest_route=\/wp\/v2\/media\/8596"}],"wp:attachment":[{"href":"https:\/\/gobernacionaltaverapaz.gob.gt\/index.php?rest_route=%2Fwp%2Fv2%2Fmedia&parent=8595"}],"wp:term":[{"taxonomy":"category","embeddable":true,"href":"https:\/\/gobernacionaltaverapaz.gob.gt\/index.php?rest_route=%2Fwp%2Fv2%2Fcategories&post=8595"},{"taxonomy":"post_tag","embeddable":true,"href":"https:\/\/gobernacionaltaverapaz.gob.gt\/index.php?rest_route=%2Fwp%2Fv2%2Ftags&post=8595"}],"curies":[{"name":"wp","href":"https:\/\/api.w.org\/{rel}","templated":true}]}}