{"id":8603,"date":"2019-11-25T10:00:27","date_gmt":"2019-11-25T16:00:27","guid":{"rendered":"https:\/\/gobernacionaltaverapaz.gob.gt\/?p=8603"},"modified":"2019-11-26T10:06:36","modified_gmt":"2019-11-26T16:06:36","slug":"aniversario-mis-aos-dorados","status":"publish","type":"post","link":"https:\/\/gobernacionaltaverapaz.gob.gt\/?p=8603","title":{"rendered":"Aniversario Mis A\u00f1os Dorados"},"content":{"rendered":"<p style=\"text-align: justify;\">En el municipio de San Juan Chamelco del departamento de Alta Verapaz, se llev\u00f3 a cabo la celebraci\u00f3n del sexto aniversario del programa mis a\u00f1os dorados, de la Secretaria de Obras Sociales de la Esposa del Presidente -SOSEP- dirigido en el departamento por la Licenciada Andrea Mili\u00e1n, quien estuvo presente y agradeci\u00f3 a las profesionales del programa Nacional del Adulto Mayor Mis A\u00f1os Dorados, a quien se<span class=\"textexposedshow\"> le agradeci\u00f3 por su colaboraci\u00f3n y apoyo a la entidad.<\/span><\/p>\n<p style=\"text-align: justify;\">En dicho evento, estuvo presente el Se\u00f1or Gobernador Departamental de Alta Verapaz, M.A. Erik Nolberto Guerrero Mili\u00e1n, quien present\u00f3 un saludo a los adultos mayores y una felicitaci\u00f3n a las entidades colaboradoras para este loable proyecto.<\/p>\n<div><\/div>\n","protected":false},"excerpt":{"rendered":"<p>Se llev\u00f3 a cabo la celebraci\u00f3n del sexto aniversario del programa mis a\u00f1os dorados, de la Secretaria de Obras Sociales de la Esposa del Presidente -SOSEP-.<\/p>\n","protected":false},"author":1,"featured_media":8609,"comment_status":"closed","ping_status":"open","sticky":false,"template":"","format":"gallery","meta":[],"categories":[183],"tags":[178],"_links":{"self":[{"href":"https:\/\/gobernacionaltaverapaz.gob.gt\/index.php?rest_route=\/wp\/v2\/posts\/8603"}],"collection":[{"href":"https:\/\/gobernacionaltaverapaz.gob.gt\/index.php?rest_route=\/wp\/v2\/posts"}],"about":[{"href":"https:\/\/gobernacionaltaverapaz.gob.gt\/index.php?rest_route=\/wp\/v2\/types\/post"}],"author":[{"embeddable":true,"href":"https:\/\/gobernacionaltaverapaz.gob.gt\/index.php?rest_route=\/wp\/v2\/users\/1"}],"replies":[{"embeddable":true,"href":"https:\/\/gobernacionaltaverapaz.gob.gt\/index.php?rest_route=%2Fwp%2Fv2%2Fcomments&post=8603"}],"version-history":[{"count":3,"href":"https:\/\/gobernacionaltaverapaz.gob.gt\/index.php?rest_route=\/wp\/v2\/posts\/8603\/revisions"}],"predecessor-version":[{"id":8613,"href":"https:\/\/gobernacionaltaverapaz.gob.gt\/index.php?rest_route=\/wp\/v2\/posts\/8603\/revisions\/8613"}],"wp:featuredmedia":[{"embeddable":true,"href":"https:\/\/gobernacionaltaverapaz.gob.gt\/index.php?rest_route=\/wp\/v2\/media\/8609"}],"wp:attachment":[{"href":"https:\/\/gobernacionaltaverapaz.gob.gt\/index.php?rest_route=%2Fwp%2Fv2%2Fmedia&parent=8603"}],"wp:term":[{"taxonomy":"category","embeddable":true,"href":"https:\/\/gobernacionaltaverapaz.gob.gt\/index.php?rest_route=%2Fwp%2Fv2%2Fcategories&post=8603"},{"taxonomy":"post_tag","embeddable":true,"href":"https:\/\/gobernacionaltaverapaz.gob.gt\/index.php?rest_route=%2Fwp%2Fv2%2Ftags&post=8603"}],"curies":[{"name":"wp","href":"https:\/\/api.w.org\/{rel}","templated":true}]}}