{"id":8624,"date":"2019-11-28T09:00:49","date_gmt":"2019-11-28T15:00:49","guid":{"rendered":"https:\/\/gobernacionaltaverapaz.gob.gt\/?p=8624"},"modified":"2019-11-29T08:49:05","modified_gmt":"2019-11-29T14:49:05","slug":"lanzamiento-de-marca","status":"publish","type":"post","link":"https:\/\/gobernacionaltaverapaz.gob.gt\/?p=8624","title":{"rendered":"Lanzamiento de marca Alta Verapaz, naturaleza y cultura que cautivan"},"content":{"rendered":"<p style=\"text-align: justify;\">En las instalaciones de Plaza Magdalena, se llev\u00f3 a cabo la presentaci\u00f3n y lanzamiento de la marca ALTA VERAPAZ, NATURALEZA Y CULTURA QUE CAUTIVAN. Este evento estuvo a cargo del Instituto Guatemalteco de Turismo, representado por el Director General, Jorge Mario Chaj\u00f3n Aguilar, acompa\u00f1ado de la Directora de la Direcci\u00f3n de Desarrollo de Productos Tur\u00edsticos, L<span class=\"textexposedshow\">icda. Erika Guillermo. <\/span><\/p>\n<p style=\"text-align: justify;\">En dicho evento se destac\u00f3 la participaci\u00f3n del Se\u00f1or Diego Fern\u00e1ndez, Presidente del Comit\u00e9 de Autogesti\u00f3n Tur\u00edstica -CAT- y del M.A. Erik Nolberto Guerrero Mili\u00e1n, Gobernador Departamental de Alta Verapaz. Tambi\u00e9n estuvo presente el profesor Efra\u00edn Cuc, Alcalde Municipal electo para el periodo 2020-2024 y el Alcalde de Puerto Barrios Izabal, Lic. Hugo Zarce\u00f1o. As\u00ed mismo se cont\u00f3 con la participaci\u00f3n de la Asociaci\u00f3n de Alta Verapaz de Orquideolog\u00eda, empresarios del turismo, miembros de la prensa y la representaci\u00f3n de COOPSAMA.<\/p>\n<div><\/div>\n","protected":false},"excerpt":{"rendered":"<p>En las instalaciones de Plaza Magdalena, se llev\u00f3 a cabo la presentaci\u00f3n y lanzamiento de la marca ALTA VERAPAZ, NATURALEZA Y CULTURA QUE CAUTIVAN.<\/p>\n","protected":false},"author":1,"featured_media":8625,"comment_status":"closed","ping_status":"open","sticky":false,"template":"","format":"gallery","meta":[],"categories":[6],"tags":[178],"_links":{"self":[{"href":"https:\/\/gobernacionaltaverapaz.gob.gt\/index.php?rest_route=\/wp\/v2\/posts\/8624"}],"collection":[{"href":"https:\/\/gobernacionaltaverapaz.gob.gt\/index.php?rest_route=\/wp\/v2\/posts"}],"about":[{"href":"https:\/\/gobernacionaltaverapaz.gob.gt\/index.php?rest_route=\/wp\/v2\/types\/post"}],"author":[{"embeddable":true,"href":"https:\/\/gobernacionaltaverapaz.gob.gt\/index.php?rest_route=\/wp\/v2\/users\/1"}],"replies":[{"embeddable":true,"href":"https:\/\/gobernacionaltaverapaz.gob.gt\/index.php?rest_route=%2Fwp%2Fv2%2Fcomments&post=8624"}],"version-history":[{"count":4,"href":"https:\/\/gobernacionaltaverapaz.gob.gt\/index.php?rest_route=\/wp\/v2\/posts\/8624\/revisions"}],"predecessor-version":[{"id":8635,"href":"https:\/\/gobernacionaltaverapaz.gob.gt\/index.php?rest_route=\/wp\/v2\/posts\/8624\/revisions\/8635"}],"wp:featuredmedia":[{"embeddable":true,"href":"https:\/\/gobernacionaltaverapaz.gob.gt\/index.php?rest_route=\/wp\/v2\/media\/8625"}],"wp:attachment":[{"href":"https:\/\/gobernacionaltaverapaz.gob.gt\/index.php?rest_route=%2Fwp%2Fv2%2Fmedia&parent=8624"}],"wp:term":[{"taxonomy":"category","embeddable":true,"href":"https:\/\/gobernacionaltaverapaz.gob.gt\/index.php?rest_route=%2Fwp%2Fv2%2Fcategories&post=8624"},{"taxonomy":"post_tag","embeddable":true,"href":"https:\/\/gobernacionaltaverapaz.gob.gt\/index.php?rest_route=%2Fwp%2Fv2%2Ftags&post=8624"}],"curies":[{"name":"wp","href":"https:\/\/api.w.org\/{rel}","templated":true}]}}