{"id":8639,"date":"2019-11-29T11:00:19","date_gmt":"2019-11-29T17:00:19","guid":{"rendered":"https:\/\/gobernacionaltaverapaz.gob.gt\/?p=8639"},"modified":"2019-12-02T10:52:04","modified_gmt":"2019-12-02T16:52:04","slug":"mesa-tcnica-departamental","status":"publish","type":"post","link":"https:\/\/gobernacionaltaverapaz.gob.gt\/?p=8639","title":{"rendered":"Mesa T\u00e9cnica Departamental"},"content":{"rendered":"<p style=\"text-align: justify;\">En el Palacio de Gobernaci\u00f3n Departamental de Alta Verapaz, Sal\u00f3n de Capacitaciones de Gesti\u00f3n P\u00fablica se llev\u00f3 a cabo la reuni\u00f3n de trabajo de la Mesa T\u00e9cnica Departamental, para mediar el di\u00e1logo entre la Municipalidad de San Crist\u00f3bal Verapaz y la Comunidad de Nisnic, originada por la oposici\u00f3n a la construcci\u00f3n de una planta de tratamiento en dicha comuni<span class=\"textexposedshow\">dad. En dicha reuni\u00f3n estuvieron presentes: autoridades municipales, empresa constructora, COCODES de Nisnic, instituciones de gobierno en el ramo ambiental. <\/span><\/p>\n<p style=\"text-align: justify;\">El Gobernador Departamental de Alta Verapaz, M.A. Erik Nolberto Guerrero Mili\u00e1n, mediante la Unidad de Atenci\u00f3n a Conflictos, atendieron el caso referido.<\/p>\n<div><\/div>\n","protected":false},"excerpt":{"rendered":"<p>En el Palacio de Gobernaci\u00f3n Departamental de Alta Verapaz, Sal\u00f3n de Capacitaciones de Gesti\u00f3n P\u00fablica se llev\u00f3 a cabo la reuni\u00f3n de trabajo de la Mesa T\u00e9cnica Departamental, para mediar el di\u00e1logo entre la Municipalidad de San Crist\u00f3bal Verapaz y la Comunidad de Nisnic, originada por la oposici\u00f3n a la construcci\u00f3n de una planta de [&hellip;]<\/p>\n","protected":false},"author":1,"featured_media":8641,"comment_status":"closed","ping_status":"open","sticky":false,"template":"","format":"gallery","meta":[],"categories":[5],"tags":[178],"_links":{"self":[{"href":"https:\/\/gobernacionaltaverapaz.gob.gt\/index.php?rest_route=\/wp\/v2\/posts\/8639"}],"collection":[{"href":"https:\/\/gobernacionaltaverapaz.gob.gt\/index.php?rest_route=\/wp\/v2\/posts"}],"about":[{"href":"https:\/\/gobernacionaltaverapaz.gob.gt\/index.php?rest_route=\/wp\/v2\/types\/post"}],"author":[{"embeddable":true,"href":"https:\/\/gobernacionaltaverapaz.gob.gt\/index.php?rest_route=\/wp\/v2\/users\/1"}],"replies":[{"embeddable":true,"href":"https:\/\/gobernacionaltaverapaz.gob.gt\/index.php?rest_route=%2Fwp%2Fv2%2Fcomments&post=8639"}],"version-history":[{"count":2,"href":"https:\/\/gobernacionaltaverapaz.gob.gt\/index.php?rest_route=\/wp\/v2\/posts\/8639\/revisions"}],"predecessor-version":[{"id":8645,"href":"https:\/\/gobernacionaltaverapaz.gob.gt\/index.php?rest_route=\/wp\/v2\/posts\/8639\/revisions\/8645"}],"wp:featuredmedia":[{"embeddable":true,"href":"https:\/\/gobernacionaltaverapaz.gob.gt\/index.php?rest_route=\/wp\/v2\/media\/8641"}],"wp:attachment":[{"href":"https:\/\/gobernacionaltaverapaz.gob.gt\/index.php?rest_route=%2Fwp%2Fv2%2Fmedia&parent=8639"}],"wp:term":[{"taxonomy":"category","embeddable":true,"href":"https:\/\/gobernacionaltaverapaz.gob.gt\/index.php?rest_route=%2Fwp%2Fv2%2Fcategories&post=8639"},{"taxonomy":"post_tag","embeddable":true,"href":"https:\/\/gobernacionaltaverapaz.gob.gt\/index.php?rest_route=%2Fwp%2Fv2%2Ftags&post=8639"}],"curies":[{"name":"wp","href":"https:\/\/api.w.org\/{rel}","templated":true}]}}