{"id":8646,"date":"2019-11-29T15:00:45","date_gmt":"2019-11-29T21:00:45","guid":{"rendered":"https:\/\/gobernacionaltaverapaz.gob.gt\/?p=8646"},"modified":"2019-12-02T11:59:56","modified_gmt":"2019-12-02T17:59:56","slug":"da-internacional-de-la-violencia-contra-la-mujer","status":"publish","type":"post","link":"https:\/\/gobernacionaltaverapaz.gob.gt\/?p=8646","title":{"rendered":"D\u00eda Internacional de la No Violencia contra la Mujer"},"content":{"rendered":"<p style=\"text-align: justify;\">En el Parque Central de San Pedro Carch\u00e1, del departamento de Alta Verapaz, se llevaron a cabo actos protocolarios y la exposici\u00f3n del mural y stands informativos en conmemoraci\u00f3n del D\u00eda Internacional de la No Violencia contra la Mujer: FEMICIDIO, UNA CRUEL REALIDAD EN ALTA VERAPAZ.<\/p>\n<p style=\"text-align: justify;\">Este evento fue realizado con el apoyo de la Comisi\u00f3n Municipal de la Mujer &#8211; COMUJER- y la Red d<span class=\"textexposedshow\">e Derivaci\u00f3n para la Atenci\u00f3n de Victimas de Delito, Fiscal\u00eda Municipal de San Pedro Carch\u00e1 del Ministerio P\u00fablico.<\/span><\/p>\n<div><\/div>\n","protected":false},"excerpt":{"rendered":"<p>En el Parque Central de San Pedro Carch\u00e1, del departamento de Alta Verapaz, se llevaron a cabo actos protocolarios y la exposici\u00f3n del mural y stands informativos en conmemoraci\u00f3n del D\u00eda Internacional de la No Violencia contra la Mujer: FEMICIDIO, UNA CRUEL REALIDAD EN ALTA VERAPAZ. Este evento fue realizado con el apoyo de la [&hellip;]<\/p>\n","protected":false},"author":1,"featured_media":8649,"comment_status":"closed","ping_status":"open","sticky":false,"template":"","format":"gallery","meta":[],"categories":[197],"tags":[178],"_links":{"self":[{"href":"https:\/\/gobernacionaltaverapaz.gob.gt\/index.php?rest_route=\/wp\/v2\/posts\/8646"}],"collection":[{"href":"https:\/\/gobernacionaltaverapaz.gob.gt\/index.php?rest_route=\/wp\/v2\/posts"}],"about":[{"href":"https:\/\/gobernacionaltaverapaz.gob.gt\/index.php?rest_route=\/wp\/v2\/types\/post"}],"author":[{"embeddable":true,"href":"https:\/\/gobernacionaltaverapaz.gob.gt\/index.php?rest_route=\/wp\/v2\/users\/1"}],"replies":[{"embeddable":true,"href":"https:\/\/gobernacionaltaverapaz.gob.gt\/index.php?rest_route=%2Fwp%2Fv2%2Fcomments&post=8646"}],"version-history":[{"count":2,"href":"https:\/\/gobernacionaltaverapaz.gob.gt\/index.php?rest_route=\/wp\/v2\/posts\/8646\/revisions"}],"predecessor-version":[{"id":8652,"href":"https:\/\/gobernacionaltaverapaz.gob.gt\/index.php?rest_route=\/wp\/v2\/posts\/8646\/revisions\/8652"}],"wp:featuredmedia":[{"embeddable":true,"href":"https:\/\/gobernacionaltaverapaz.gob.gt\/index.php?rest_route=\/wp\/v2\/media\/8649"}],"wp:attachment":[{"href":"https:\/\/gobernacionaltaverapaz.gob.gt\/index.php?rest_route=%2Fwp%2Fv2%2Fmedia&parent=8646"}],"wp:term":[{"taxonomy":"category","embeddable":true,"href":"https:\/\/gobernacionaltaverapaz.gob.gt\/index.php?rest_route=%2Fwp%2Fv2%2Fcategories&post=8646"},{"taxonomy":"post_tag","embeddable":true,"href":"https:\/\/gobernacionaltaverapaz.gob.gt\/index.php?rest_route=%2Fwp%2Fv2%2Ftags&post=8646"}],"curies":[{"name":"wp","href":"https:\/\/api.w.org\/{rel}","templated":true}]}}