{"id":8653,"date":"2019-12-02T09:00:06","date_gmt":"2019-12-02T15:00:06","guid":{"rendered":"https:\/\/gobernacionaltaverapaz.gob.gt\/?p=8653"},"modified":"2019-12-02T12:14:40","modified_gmt":"2019-12-02T18:14:40","slug":"foro-socio-ambiental-en-agua-saneamiento","status":"publish","type":"post","link":"https:\/\/gobernacionaltaverapaz.gob.gt\/?p=8653","title":{"rendered":"Foro Socio Ambiental en Agua y Saneamiento"},"content":{"rendered":"<p style=\"text-align: justify;\">En las instalaciones se Park Hotel, del municipio de Santa Cruz Verapaz, se llev\u00f3 a cabo el foro socio ambiental con \u00e9nfasis en agua y saneamiento, gesti\u00f3n ambiental municipal y cambio clim\u00e1tico, regi\u00f3n verapaces. El grupo meta fueron las corporaciones municipales actuales y electas 2020 &#8211; 2024 de los departamentos de Alta Verapaz. El objetivo principal fue fortalecer las capacidades institucionales municipales para el ejercicio de sus competencias concernientes a la gesti\u00f3n ambiental municipal.<\/p>\n<p style=\"text-align: justify;\">Con este evento se pretende promover la atenci\u00f3n a los temas ambientales y prioridades en temas de agua y saneamiento, cambio clim\u00e1tico, con una correcta aplicaci\u00f3n del C\u00f3digo Municipal en armon\u00eda con la legislaci\u00f3n ambiental vigente. En dicho evento se cont\u00f3, con la participaci\u00f3n del Se\u00f1or Gobernador Departamental de Alta Verapaz, M.A. Erik Nolberto Guerrero Mili\u00e1n, quien hizo referencia del compromiso ambiental que las autoridades deben tener. La actividad estuvo patrocinada y coordinada por RENACE, Ministerio de Medio Ambiente, Cooperaci\u00f3n Alemana GIZ.<\/p>\n<div><\/div>\n","protected":false},"excerpt":{"rendered":"<p>El objetivo principal fue fortalecer las capacidades institucionales municipales para el ejercicio de sus competencias concernientes a la gesti\u00f3n ambiental municipal.<\/p>\n","protected":false},"author":1,"featured_media":8655,"comment_status":"closed","ping_status":"open","sticky":false,"template":"","format":"gallery","meta":[],"categories":[6],"tags":[178],"_links":{"self":[{"href":"https:\/\/gobernacionaltaverapaz.gob.gt\/index.php?rest_route=\/wp\/v2\/posts\/8653"}],"collection":[{"href":"https:\/\/gobernacionaltaverapaz.gob.gt\/index.php?rest_route=\/wp\/v2\/posts"}],"about":[{"href":"https:\/\/gobernacionaltaverapaz.gob.gt\/index.php?rest_route=\/wp\/v2\/types\/post"}],"author":[{"embeddable":true,"href":"https:\/\/gobernacionaltaverapaz.gob.gt\/index.php?rest_route=\/wp\/v2\/users\/1"}],"replies":[{"embeddable":true,"href":"https:\/\/gobernacionaltaverapaz.gob.gt\/index.php?rest_route=%2Fwp%2Fv2%2Fcomments&post=8653"}],"version-history":[{"count":3,"href":"https:\/\/gobernacionaltaverapaz.gob.gt\/index.php?rest_route=\/wp\/v2\/posts\/8653\/revisions"}],"predecessor-version":[{"id":8661,"href":"https:\/\/gobernacionaltaverapaz.gob.gt\/index.php?rest_route=\/wp\/v2\/posts\/8653\/revisions\/8661"}],"wp:featuredmedia":[{"embeddable":true,"href":"https:\/\/gobernacionaltaverapaz.gob.gt\/index.php?rest_route=\/wp\/v2\/media\/8655"}],"wp:attachment":[{"href":"https:\/\/gobernacionaltaverapaz.gob.gt\/index.php?rest_route=%2Fwp%2Fv2%2Fmedia&parent=8653"}],"wp:term":[{"taxonomy":"category","embeddable":true,"href":"https:\/\/gobernacionaltaverapaz.gob.gt\/index.php?rest_route=%2Fwp%2Fv2%2Fcategories&post=8653"},{"taxonomy":"post_tag","embeddable":true,"href":"https:\/\/gobernacionaltaverapaz.gob.gt\/index.php?rest_route=%2Fwp%2Fv2%2Ftags&post=8653"}],"curies":[{"name":"wp","href":"https:\/\/api.w.org\/{rel}","templated":true}]}}