{"id":8672,"date":"2019-12-02T13:00:31","date_gmt":"2019-12-02T19:00:31","guid":{"rendered":"https:\/\/gobernacionaltaverapaz.gob.gt\/?p=8672"},"modified":"2019-12-04T15:22:27","modified_gmt":"2019-12-04T21:22:27","slug":"foro-caf-con-la-planificacin-programacin-la-inversin-para-el-desarrollo-sostenible","status":"publish","type":"post","link":"https:\/\/gobernacionaltaverapaz.gob.gt\/?p=8672","title":{"rendered":"Foro \u201cUn caf\u00e9 con la planificaci\u00f3n, programaci\u00f3n y la inversi\u00f3n para el desarrollo sostenible\u201d"},"content":{"rendered":"<p style=\"text-align: justify;\">En las instalaciones del Hotel Alc\u00e1zar de do\u00f1a Victoria, se llev\u00f3 a cabo el foro denominado: &#8220;Un caf\u00e9 con la planificaci\u00f3n, programaci\u00f3n y la inversi\u00f3n para el desarrollo sostenible&#8221;. En dicho evento se tuvo la participaci\u00f3n de varios panelistas, dentro de ellos: el se\u00f1or Alcalde Leonel Guzm\u00e1n, del Municipio de Tucur\u00fa y presidente de la Mancomunidad del Polochic e <span class=\"textexposedshow\">Izabal &#8211; MAMPOLIZA &#8211; La Licenciada Inocenta Macz, representante de INCIDE y representante de organizaciones de mujeres ante el CODEDE; Jos\u00e9 Adri\u00e1n L\u00f3pez Moterroso, Coordinador de la Mesa de Competitividad, V\u00edctor Hugo Apl\u00edcano, de Swisscontac; M.A. Erik Nolberto Guerrero Mili\u00e1n, Gobernador Departamental de Alta Verapaz. <\/span><\/p>\n<div><\/div>\n","protected":false},"excerpt":{"rendered":"<p>En las instalaciones del Hotel Alc\u00e1zar de do\u00f1a Victoria, se llev\u00f3 a cabo el foro denominado: &#8220;Un caf\u00e9 con la planificaci\u00f3n, programaci\u00f3n y la inversi\u00f3n para el desarrollo sostenible&#8221;. En dicho evento se tuvo la participaci\u00f3n de varios panelistas, dentro de ellos: el se\u00f1or Alcalde Leonel Guzm\u00e1n, del Municipio de Tucur\u00fa y presidente de la [&hellip;]<\/p>\n","protected":false},"author":1,"featured_media":8673,"comment_status":"closed","ping_status":"open","sticky":false,"template":"","format":"gallery","meta":[],"categories":[183],"tags":[178],"_links":{"self":[{"href":"https:\/\/gobernacionaltaverapaz.gob.gt\/index.php?rest_route=\/wp\/v2\/posts\/8672"}],"collection":[{"href":"https:\/\/gobernacionaltaverapaz.gob.gt\/index.php?rest_route=\/wp\/v2\/posts"}],"about":[{"href":"https:\/\/gobernacionaltaverapaz.gob.gt\/index.php?rest_route=\/wp\/v2\/types\/post"}],"author":[{"embeddable":true,"href":"https:\/\/gobernacionaltaverapaz.gob.gt\/index.php?rest_route=\/wp\/v2\/users\/1"}],"replies":[{"embeddable":true,"href":"https:\/\/gobernacionaltaverapaz.gob.gt\/index.php?rest_route=%2Fwp%2Fv2%2Fcomments&post=8672"}],"version-history":[{"count":2,"href":"https:\/\/gobernacionaltaverapaz.gob.gt\/index.php?rest_route=\/wp\/v2\/posts\/8672\/revisions"}],"predecessor-version":[{"id":8680,"href":"https:\/\/gobernacionaltaverapaz.gob.gt\/index.php?rest_route=\/wp\/v2\/posts\/8672\/revisions\/8680"}],"wp:featuredmedia":[{"embeddable":true,"href":"https:\/\/gobernacionaltaverapaz.gob.gt\/index.php?rest_route=\/wp\/v2\/media\/8673"}],"wp:attachment":[{"href":"https:\/\/gobernacionaltaverapaz.gob.gt\/index.php?rest_route=%2Fwp%2Fv2%2Fmedia&parent=8672"}],"wp:term":[{"taxonomy":"category","embeddable":true,"href":"https:\/\/gobernacionaltaverapaz.gob.gt\/index.php?rest_route=%2Fwp%2Fv2%2Fcategories&post=8672"},{"taxonomy":"post_tag","embeddable":true,"href":"https:\/\/gobernacionaltaverapaz.gob.gt\/index.php?rest_route=%2Fwp%2Fv2%2Ftags&post=8672"}],"curies":[{"name":"wp","href":"https:\/\/api.w.org\/{rel}","templated":true}]}}