{"id":8702,"date":"2019-12-05T12:00:37","date_gmt":"2019-12-05T18:00:37","guid":{"rendered":"https:\/\/gobernacionaltaverapaz.gob.gt\/?p=8702"},"modified":"2019-12-09T09:07:06","modified_gmt":"2019-12-09T15:07:06","slug":"colocacin-de-la-primera-piedra-instituto-tecnolgico-chisec-av","status":"publish","type":"post","link":"https:\/\/gobernacionaltaverapaz.gob.gt\/?p=8702","title":{"rendered":"Colocaci\u00f3n de la primera piedra Instituto Tecnol\u00f3gico Chisec, A.V."},"content":{"rendered":"<p style=\"text-align: justify;\">En el Municipio de Chisec, del departamento de Alta Verapaz, se llev\u00f3 a cabo la colocaci\u00f3n de la primera piedra para la construcci\u00f3n del Instituto de Educaci\u00f3n B\u00e1sica con Orientaci\u00f3n Tecnol\u00f3gica.<\/p>\n<p style=\"text-align: justify;\">En el evento estuvo presente el Ministro de Educaci\u00f3n, Lic. Oscar Hugo L\u00f3pez Rivas, Michel Grews, de la Cooperaci\u00f3n Alemana, Manuel Lorenzana, representante del Banco de Desarrollo Alem\u00e1n KFW. El S<span class=\"textexposedshow\">e\u00f1or Gobernador Departamental de Alta Verapaz, M.A. Erik Nolberto Guerrero Mili\u00e1n, hizo alusi\u00f3n a la importancia de la gesti\u00f3n de este proyecto.<\/span><\/p>\n<div><\/div>\n","protected":false},"excerpt":{"rendered":"<p>En el Municipio de Chisec, del departamento de Alta Verapaz, se llev\u00f3 a cabo la colocaci\u00f3n de la primera piedra para la construcci\u00f3n del Instituto de Educaci\u00f3n B\u00e1sica con Orientaci\u00f3n Tecnol\u00f3gica. En el evento estuvo presente el Ministro de Educaci\u00f3n, Lic. Oscar Hugo L\u00f3pez Rivas, Michel Grews, de la Cooperaci\u00f3n Alemana, Manuel Lorenzana, representante del [&hellip;]<\/p>\n","protected":false},"author":1,"featured_media":8707,"comment_status":"closed","ping_status":"open","sticky":false,"template":"","format":"gallery","meta":[],"categories":[2,195],"tags":[178],"_links":{"self":[{"href":"https:\/\/gobernacionaltaverapaz.gob.gt\/index.php?rest_route=\/wp\/v2\/posts\/8702"}],"collection":[{"href":"https:\/\/gobernacionaltaverapaz.gob.gt\/index.php?rest_route=\/wp\/v2\/posts"}],"about":[{"href":"https:\/\/gobernacionaltaverapaz.gob.gt\/index.php?rest_route=\/wp\/v2\/types\/post"}],"author":[{"embeddable":true,"href":"https:\/\/gobernacionaltaverapaz.gob.gt\/index.php?rest_route=\/wp\/v2\/users\/1"}],"replies":[{"embeddable":true,"href":"https:\/\/gobernacionaltaverapaz.gob.gt\/index.php?rest_route=%2Fwp%2Fv2%2Fcomments&post=8702"}],"version-history":[{"count":2,"href":"https:\/\/gobernacionaltaverapaz.gob.gt\/index.php?rest_route=\/wp\/v2\/posts\/8702\/revisions"}],"predecessor-version":[{"id":8709,"href":"https:\/\/gobernacionaltaverapaz.gob.gt\/index.php?rest_route=\/wp\/v2\/posts\/8702\/revisions\/8709"}],"wp:featuredmedia":[{"embeddable":true,"href":"https:\/\/gobernacionaltaverapaz.gob.gt\/index.php?rest_route=\/wp\/v2\/media\/8707"}],"wp:attachment":[{"href":"https:\/\/gobernacionaltaverapaz.gob.gt\/index.php?rest_route=%2Fwp%2Fv2%2Fmedia&parent=8702"}],"wp:term":[{"taxonomy":"category","embeddable":true,"href":"https:\/\/gobernacionaltaverapaz.gob.gt\/index.php?rest_route=%2Fwp%2Fv2%2Fcategories&post=8702"},{"taxonomy":"post_tag","embeddable":true,"href":"https:\/\/gobernacionaltaverapaz.gob.gt\/index.php?rest_route=%2Fwp%2Fv2%2Ftags&post=8702"}],"curies":[{"name":"wp","href":"https:\/\/api.w.org\/{rel}","templated":true}]}}