{"id":8710,"date":"2019-12-06T09:00:19","date_gmt":"2019-12-06T15:00:19","guid":{"rendered":"https:\/\/gobernacionaltaverapaz.gob.gt\/?p=8710"},"modified":"2019-12-09T09:18:22","modified_gmt":"2019-12-09T15:18:22","slug":"inauguracin-de-pavimentacin","status":"publish","type":"post","link":"https:\/\/gobernacionaltaverapaz.gob.gt\/?p=8710","title":{"rendered":"Inauguraci\u00f3n de pavimentaci\u00f3n"},"content":{"rendered":"<p style=\"text-align: justify;\">En el Municipio de Chisec, del departamento de Alta Verapaz, se llev\u00f3 a cabo la inauguraci\u00f3n de los trabajos de construcci\u00f3n de pavimentaci\u00f3n del centro de Chisec hacia la comunidad Sepalau.<\/p>\n<p style=\"text-align: justify;\">En el evento estuvo presente el Ministro de Educaci\u00f3n, Lic. Oscar Hugo L\u00f3pez Rivas, Michel Grews, de la Cooperaci\u00f3n Alemana, Manuel Lorenzana, representante del Banco de Desarrollo Alem\u00e1n KFW, representante de<span class=\"textexposedshow\"> FODES y MIDES.<\/span><\/p>\n<p style=\"text-align: justify;\">El Se\u00f1or Gobernador Departamental de Alta Verapaz, M.A. Erik Nolberto Guerrero Mili\u00e1n, hizo alusi\u00f3n a la importancia de la gesti\u00f3n de este proyecto de v\u00edas de acceso que propicia del desarrollo comunitario.<\/p>\n<div><\/div>\n","protected":false},"excerpt":{"rendered":"<p>En el Municipio de Chisec, del departamento de Alta Verapaz, se llev\u00f3 a cabo la inauguraci\u00f3n de los trabajos de construcci\u00f3n de pavimentaci\u00f3n del centro de Chisec hacia la comunidad Sepalau. En el evento estuvo presente el Ministro de Educaci\u00f3n, Lic. Oscar Hugo L\u00f3pez Rivas, Michel Grews, de la Cooperaci\u00f3n Alemana, Manuel Lorenzana, representante del [&hellip;]<\/p>\n","protected":false},"author":1,"featured_media":8716,"comment_status":"closed","ping_status":"open","sticky":false,"template":"","format":"gallery","meta":[],"categories":[4],"tags":[178],"_links":{"self":[{"href":"https:\/\/gobernacionaltaverapaz.gob.gt\/index.php?rest_route=\/wp\/v2\/posts\/8710"}],"collection":[{"href":"https:\/\/gobernacionaltaverapaz.gob.gt\/index.php?rest_route=\/wp\/v2\/posts"}],"about":[{"href":"https:\/\/gobernacionaltaverapaz.gob.gt\/index.php?rest_route=\/wp\/v2\/types\/post"}],"author":[{"embeddable":true,"href":"https:\/\/gobernacionaltaverapaz.gob.gt\/index.php?rest_route=\/wp\/v2\/users\/1"}],"replies":[{"embeddable":true,"href":"https:\/\/gobernacionaltaverapaz.gob.gt\/index.php?rest_route=%2Fwp%2Fv2%2Fcomments&post=8710"}],"version-history":[{"count":2,"href":"https:\/\/gobernacionaltaverapaz.gob.gt\/index.php?rest_route=\/wp\/v2\/posts\/8710\/revisions"}],"predecessor-version":[{"id":8720,"href":"https:\/\/gobernacionaltaverapaz.gob.gt\/index.php?rest_route=\/wp\/v2\/posts\/8710\/revisions\/8720"}],"wp:featuredmedia":[{"embeddable":true,"href":"https:\/\/gobernacionaltaverapaz.gob.gt\/index.php?rest_route=\/wp\/v2\/media\/8716"}],"wp:attachment":[{"href":"https:\/\/gobernacionaltaverapaz.gob.gt\/index.php?rest_route=%2Fwp%2Fv2%2Fmedia&parent=8710"}],"wp:term":[{"taxonomy":"category","embeddable":true,"href":"https:\/\/gobernacionaltaverapaz.gob.gt\/index.php?rest_route=%2Fwp%2Fv2%2Fcategories&post=8710"},{"taxonomy":"post_tag","embeddable":true,"href":"https:\/\/gobernacionaltaverapaz.gob.gt\/index.php?rest_route=%2Fwp%2Fv2%2Ftags&post=8710"}],"curies":[{"name":"wp","href":"https:\/\/api.w.org\/{rel}","templated":true}]}}