{"id":8743,"date":"2019-12-09T09:00:39","date_gmt":"2019-12-09T15:00:39","guid":{"rendered":"https:\/\/gobernacionaltaverapaz.gob.gt\/?p=8743"},"modified":"2019-12-12T08:19:34","modified_gmt":"2019-12-12T14:19:34","slug":"aniversario-de-la-sexta-brigada-de-infantera","status":"publish","type":"post","link":"https:\/\/gobernacionaltaverapaz.gob.gt\/?p=8743","title":{"rendered":"Aniversario de la Sexta Brigada de Infanter\u00eda"},"content":{"rendered":"<p style=\"text-align: justify;\">En la base de la Sexta Brigada de Infanter\u00eda, Playa Grande, Ixc\u00e1n, Quich\u00e9, se llevaron a acabo los actos protocolarios de aniversario n\u00famero 10 de la fundaci\u00f3n de la Sexta Brigada de Infanter\u00eda.<\/p>\n<p style=\"text-align: justify;\">En la actividad se destac\u00f3 la participaci\u00f3n del General de Brigada Walter Gilberto Oliva Orantes, quien en su alocuci\u00f3n resalt\u00f3 la participaci\u00f3n del ej\u00e9rcito en el plano del apoyo<span class=\"textexposedshow\"> civil, as\u00ed mismo agradeci\u00f3 a las fuerzas armadas por el desempe\u00f1o de Ministerio de la Defensa en la nueva misi\u00f3n social que le ha sido encomendada. <\/span><\/p>\n<p style=\"text-align: justify;\">En dicho evento estuvo presente el Gobernador Departamental de Alta Verapaz, quien agradeci\u00f3 la invitaci\u00f3n realizada a esta Gobernaci\u00f3n. As\u00ed mismo reconoci\u00f3 la labor del Ministerio de la Defensa en las distintas gestiones que se llevan a cabo en el \u00e1rea.<\/p>\n<div><\/div>\n","protected":false},"excerpt":{"rendered":"<p>En la base de la Sexta Brigada de Infanter\u00eda, Playa Grande, Ixc\u00e1n, Quich\u00e9, se llevaron a acabo los actos protocolarios de aniversario n\u00famero 10 de la fundaci\u00f3n de la Sexta Brigada de Infanter\u00eda. En la actividad se destac\u00f3 la participaci\u00f3n del General de Brigada Walter Gilberto Oliva Orantes, quien en su alocuci\u00f3n resalt\u00f3 la participaci\u00f3n [&hellip;]<\/p>\n","protected":false},"author":1,"featured_media":8750,"comment_status":"closed","ping_status":"open","sticky":false,"template":"","format":"gallery","meta":[],"categories":[183],"tags":[178],"_links":{"self":[{"href":"https:\/\/gobernacionaltaverapaz.gob.gt\/index.php?rest_route=\/wp\/v2\/posts\/8743"}],"collection":[{"href":"https:\/\/gobernacionaltaverapaz.gob.gt\/index.php?rest_route=\/wp\/v2\/posts"}],"about":[{"href":"https:\/\/gobernacionaltaverapaz.gob.gt\/index.php?rest_route=\/wp\/v2\/types\/post"}],"author":[{"embeddable":true,"href":"https:\/\/gobernacionaltaverapaz.gob.gt\/index.php?rest_route=\/wp\/v2\/users\/1"}],"replies":[{"embeddable":true,"href":"https:\/\/gobernacionaltaverapaz.gob.gt\/index.php?rest_route=%2Fwp%2Fv2%2Fcomments&post=8743"}],"version-history":[{"count":2,"href":"https:\/\/gobernacionaltaverapaz.gob.gt\/index.php?rest_route=\/wp\/v2\/posts\/8743\/revisions"}],"predecessor-version":[{"id":8752,"href":"https:\/\/gobernacionaltaverapaz.gob.gt\/index.php?rest_route=\/wp\/v2\/posts\/8743\/revisions\/8752"}],"wp:featuredmedia":[{"embeddable":true,"href":"https:\/\/gobernacionaltaverapaz.gob.gt\/index.php?rest_route=\/wp\/v2\/media\/8750"}],"wp:attachment":[{"href":"https:\/\/gobernacionaltaverapaz.gob.gt\/index.php?rest_route=%2Fwp%2Fv2%2Fmedia&parent=8743"}],"wp:term":[{"taxonomy":"category","embeddable":true,"href":"https:\/\/gobernacionaltaverapaz.gob.gt\/index.php?rest_route=%2Fwp%2Fv2%2Fcategories&post=8743"},{"taxonomy":"post_tag","embeddable":true,"href":"https:\/\/gobernacionaltaverapaz.gob.gt\/index.php?rest_route=%2Fwp%2Fv2%2Ftags&post=8743"}],"curies":[{"name":"wp","href":"https:\/\/api.w.org\/{rel}","templated":true}]}}