{"id":8753,"date":"2019-12-09T13:00:04","date_gmt":"2019-12-09T19:00:04","guid":{"rendered":"https:\/\/gobernacionaltaverapaz.gob.gt\/?p=8753"},"modified":"2019-12-12T08:36:11","modified_gmt":"2019-12-12T14:36:11","slug":"conferencia-de-prenda-juventud","status":"publish","type":"post","link":"https:\/\/gobernacionaltaverapaz.gob.gt\/?p=8753","title":{"rendered":"Conferencia de prenda juventud"},"content":{"rendered":"<p style=\"text-align: justify;\">En el Sal\u00f3n de los Gobernadores del Palacio Departamental de la Gobernaci\u00f3n Departamental de Alta Verapaz, se llev\u00f3 a cabo la conferencia de prensa para dar a conocer los resultados de la gesti\u00f3n realizada por la Comisi\u00f3n Departamental de la Ni\u00f1ez y la Adolescencia, Cob\u00e1n, Alta Verapaz.<\/p>\n<p style=\"text-align: justify;\">En esta actividad se hizo un resumen del trabajo realizado por la mesa de la juventud e funci\u00f3n de las acciones llevadas a cabo para log<span class=\"textexposedshow\">rar la participaci\u00f3n de la juventud en el pleno del Consejo Departamental de Desarrollo. <\/span><\/p>\n<p style=\"text-align: justify;\">En esta actividad, los j\u00f3venes representes de las asociaciones presentes, felicitaron el hecho hist\u00f3rico del Gobernador Departamental de Alta Verapaz, M.A. Erik Nolberto Guerrero Mili\u00e1n, de su participaci\u00f3n, as\u00ed como el apoyo a la mesa de la juventud en este proceso.<\/p>\n<p><img decoding=\"async\" loading=\"lazy\" class=\"alignnone wp-image-8755 \" src=\"https:\/\/gobernacionaltaverapaz.gob.gt\/wp-content\/uploads\/2019\/12\/002-14.jpg\" alt=\"\" width=\"351\" height=\"234\" srcset=\"https:\/\/gobernacionaltaverapaz.gob.gt\/wp-content\/uploads\/2019\/12\/002-14.jpg 900w, https:\/\/gobernacionaltaverapaz.gob.gt\/wp-content\/uploads\/2019\/12\/002-14-300x200.jpg 300w, https:\/\/gobernacionaltaverapaz.gob.gt\/wp-content\/uploads\/2019\/12\/002-14-768x512.jpg 768w\" sizes=\"(max-width: 351px) 100vw, 351px\" \/>\u00a0\u00a0\u00a0\u00a0\u00a0 <img decoding=\"async\" loading=\"lazy\" class=\"alignnone wp-image-8756 \" src=\"https:\/\/gobernacionaltaverapaz.gob.gt\/wp-content\/uploads\/2019\/12\/003-12.jpg\" alt=\"\" width=\"351\" height=\"234\" srcset=\"https:\/\/gobernacionaltaverapaz.gob.gt\/wp-content\/uploads\/2019\/12\/003-12.jpg 900w, https:\/\/gobernacionaltaverapaz.gob.gt\/wp-content\/uploads\/2019\/12\/003-12-300x200.jpg 300w, https:\/\/gobernacionaltaverapaz.gob.gt\/wp-content\/uploads\/2019\/12\/003-12-768x512.jpg 768w\" sizes=\"(max-width: 351px) 100vw, 351px\" \/><\/p>\n","protected":false},"excerpt":{"rendered":"<p>Para dar a conocer los resultados de la gesti\u00f3n realizada por la Comisi\u00f3n Departamental de la Ni\u00f1ez y la Adolescencia, Cob\u00e1n, Alta Verapaz.<\/p>\n","protected":false},"author":1,"featured_media":8754,"comment_status":"closed","ping_status":"open","sticky":false,"template":"","format":"standard","meta":[],"categories":[183],"tags":[178],"_links":{"self":[{"href":"https:\/\/gobernacionaltaverapaz.gob.gt\/index.php?rest_route=\/wp\/v2\/posts\/8753"}],"collection":[{"href":"https:\/\/gobernacionaltaverapaz.gob.gt\/index.php?rest_route=\/wp\/v2\/posts"}],"about":[{"href":"https:\/\/gobernacionaltaverapaz.gob.gt\/index.php?rest_route=\/wp\/v2\/types\/post"}],"author":[{"embeddable":true,"href":"https:\/\/gobernacionaltaverapaz.gob.gt\/index.php?rest_route=\/wp\/v2\/users\/1"}],"replies":[{"embeddable":true,"href":"https:\/\/gobernacionaltaverapaz.gob.gt\/index.php?rest_route=%2Fwp%2Fv2%2Fcomments&post=8753"}],"version-history":[{"count":1,"href":"https:\/\/gobernacionaltaverapaz.gob.gt\/index.php?rest_route=\/wp\/v2\/posts\/8753\/revisions"}],"predecessor-version":[{"id":8757,"href":"https:\/\/gobernacionaltaverapaz.gob.gt\/index.php?rest_route=\/wp\/v2\/posts\/8753\/revisions\/8757"}],"wp:featuredmedia":[{"embeddable":true,"href":"https:\/\/gobernacionaltaverapaz.gob.gt\/index.php?rest_route=\/wp\/v2\/media\/8754"}],"wp:attachment":[{"href":"https:\/\/gobernacionaltaverapaz.gob.gt\/index.php?rest_route=%2Fwp%2Fv2%2Fmedia&parent=8753"}],"wp:term":[{"taxonomy":"category","embeddable":true,"href":"https:\/\/gobernacionaltaverapaz.gob.gt\/index.php?rest_route=%2Fwp%2Fv2%2Fcategories&post=8753"},{"taxonomy":"post_tag","embeddable":true,"href":"https:\/\/gobernacionaltaverapaz.gob.gt\/index.php?rest_route=%2Fwp%2Fv2%2Ftags&post=8753"}],"curies":[{"name":"wp","href":"https:\/\/api.w.org\/{rel}","templated":true}]}}