{"id":8763,"date":"2019-12-10T09:30:20","date_gmt":"2019-12-10T15:30:20","guid":{"rendered":"https:\/\/gobernacionaltaverapaz.gob.gt\/?p=8763"},"modified":"2019-12-12T09:03:41","modified_gmt":"2019-12-12T15:03:41","slug":"celebracin-del-da-del-deportista","status":"publish","type":"post","link":"https:\/\/gobernacionaltaverapaz.gob.gt\/?p=8763","title":{"rendered":"Celebraci\u00f3n D\u00eda del Deportista"},"content":{"rendered":"<p style=\"text-align: justify;\">En el Parque Central La Paz de Ceban, Alta Verapaz, se llev\u00f3 acabo la conmemoraci\u00f3n del D\u00eda del Deportista en el cual se aprovech\u00f3 la oportunidad para homenajear a los atletas destacados que han representado dignamente a nuestro departamento a nivel nacional e internacional y para homenajear a personalidades que se destacan en a<span class=\"textexposedshow\">poyar al deporte. <\/span><\/p>\n<p style=\"text-align: justify;\">En el evento se premiaron a las autoridades p\u00fablicas e instituciones privadas que durante el a\u00f1o se han identificado con el deporte y han puesto su apoyo en la realizaci\u00f3n del mismo. De igual manera se entregaron diplomas y medallas a los deportistas destacados del departamento, muchos de ellos, ganadores a nivel nacional e internacional.<\/p>\n<p style=\"text-align: justify;\">El Gobernador Departamental de Alta Verapaz, M.A. Erik Nolberto Guerrero Mili\u00e1n, elogi\u00f3 la participaci\u00f3n de las entidades de gobierno en el desarrollo del deporte, de igual manera, agradeci\u00f3 a todas las entidades y organizaciones privadas y aut\u00f3nomas por su incondicional apoyo al deporte. Especialmente reconoci\u00f3 el esfuerzo de los deportistas que mediante su esfuerzo y dedicaci\u00f3n son y ser\u00e1n, el digno ejemplo de la juventud.<\/p>\n<p><img decoding=\"async\" loading=\"lazy\" class=\"alignnone wp-image-8765 \" src=\"https:\/\/gobernacionaltaverapaz.gob.gt\/wp-content\/uploads\/2019\/12\/002-16.jpg\" alt=\"\" width=\"351\" height=\"197\" srcset=\"https:\/\/gobernacionaltaverapaz.gob.gt\/wp-content\/uploads\/2019\/12\/002-16.jpg 900w, https:\/\/gobernacionaltaverapaz.gob.gt\/wp-content\/uploads\/2019\/12\/002-16-300x169.jpg 300w, https:\/\/gobernacionaltaverapaz.gob.gt\/wp-content\/uploads\/2019\/12\/002-16-768x432.jpg 768w\" sizes=\"(max-width: 351px) 100vw, 351px\" \/> \u00a0 \u00a0\u00a0 <img decoding=\"async\" loading=\"lazy\" class=\"alignnone wp-image-8764 \" src=\"https:\/\/gobernacionaltaverapaz.gob.gt\/wp-content\/uploads\/2019\/12\/001-17.jpg\" alt=\"\" width=\"351\" height=\"197\" srcset=\"https:\/\/gobernacionaltaverapaz.gob.gt\/wp-content\/uploads\/2019\/12\/001-17.jpg 900w, https:\/\/gobernacionaltaverapaz.gob.gt\/wp-content\/uploads\/2019\/12\/001-17-300x169.jpg 300w, https:\/\/gobernacionaltaverapaz.gob.gt\/wp-content\/uploads\/2019\/12\/001-17-768x432.jpg 768w\" sizes=\"(max-width: 351px) 100vw, 351px\" \/><\/p>\n","protected":false},"excerpt":{"rendered":"<p>En el evento se premiaron a las autoridades p\u00fablicas e instituciones privadas que durante el a\u00f1o se han identificado con el deporte y han puesto su apoyo en la realizaci\u00f3n del mismo.<\/p>\n","protected":false},"author":1,"featured_media":8766,"comment_status":"closed","ping_status":"open","sticky":false,"template":"","format":"standard","meta":[],"categories":[183,177],"tags":[178],"_links":{"self":[{"href":"https:\/\/gobernacionaltaverapaz.gob.gt\/index.php?rest_route=\/wp\/v2\/posts\/8763"}],"collection":[{"href":"https:\/\/gobernacionaltaverapaz.gob.gt\/index.php?rest_route=\/wp\/v2\/posts"}],"about":[{"href":"https:\/\/gobernacionaltaverapaz.gob.gt\/index.php?rest_route=\/wp\/v2\/types\/post"}],"author":[{"embeddable":true,"href":"https:\/\/gobernacionaltaverapaz.gob.gt\/index.php?rest_route=\/wp\/v2\/users\/1"}],"replies":[{"embeddable":true,"href":"https:\/\/gobernacionaltaverapaz.gob.gt\/index.php?rest_route=%2Fwp%2Fv2%2Fcomments&post=8763"}],"version-history":[{"count":3,"href":"https:\/\/gobernacionaltaverapaz.gob.gt\/index.php?rest_route=\/wp\/v2\/posts\/8763\/revisions"}],"predecessor-version":[{"id":8769,"href":"https:\/\/gobernacionaltaverapaz.gob.gt\/index.php?rest_route=\/wp\/v2\/posts\/8763\/revisions\/8769"}],"wp:featuredmedia":[{"embeddable":true,"href":"https:\/\/gobernacionaltaverapaz.gob.gt\/index.php?rest_route=\/wp\/v2\/media\/8766"}],"wp:attachment":[{"href":"https:\/\/gobernacionaltaverapaz.gob.gt\/index.php?rest_route=%2Fwp%2Fv2%2Fmedia&parent=8763"}],"wp:term":[{"taxonomy":"category","embeddable":true,"href":"https:\/\/gobernacionaltaverapaz.gob.gt\/index.php?rest_route=%2Fwp%2Fv2%2Fcategories&post=8763"},{"taxonomy":"post_tag","embeddable":true,"href":"https:\/\/gobernacionaltaverapaz.gob.gt\/index.php?rest_route=%2Fwp%2Fv2%2Ftags&post=8763"}],"curies":[{"name":"wp","href":"https:\/\/api.w.org\/{rel}","templated":true}]}}