{"id":8770,"date":"2019-12-10T12:00:32","date_gmt":"2019-12-10T18:00:32","guid":{"rendered":"https:\/\/gobernacionaltaverapaz.gob.gt\/?p=8770"},"modified":"2019-12-12T09:18:22","modified_gmt":"2019-12-12T15:18:22","slug":"convencin-nacional-de-alcohlicos-annimos","status":"publish","type":"post","link":"https:\/\/gobernacionaltaverapaz.gob.gt\/?p=8770","title":{"rendered":"Convenci\u00f3n Nacional de Alcoh\u00f3licos An\u00f3nimos"},"content":{"rendered":"<p style=\"text-align: justify;\">En el Instituto Nacional de la Juventud de Alta Verapaz se llev\u00f3 a cabo la 49 Convenci\u00f3n de Alcoh\u00f3licos An\u00f3nimos a nivel nacional.<\/p>\n<p style=\"text-align: justify;\">En este evento se cont\u00f3 con la participaci\u00f3n de representantes de Alcoh\u00f3licos An\u00f3nimos de los 22 departamentos de Guatemala; las altas autoridades y dirigentes nacionales y en esta oportunidad la log\u00edstica y organizaci\u00f3n estuvo a cargo de los directivos de <span class=\"textexposedshow\">Alta Verapaz.<\/span><\/p>\n<p style=\"text-align: justify;\">El Gobernador Departamental de Alta Verapaz, M.A. Erik Nolberto Guerrero Mili\u00e1n, reconoci\u00f3 la labor de esta importante instituci\u00f3n, felicit\u00f3 a los m\u00e1s de 6,000 participantes en este evento y los inst\u00f3 a seguir en la lucha diaria de mantenerse en la constante convicci\u00f3n del cambio de vida.<\/p>\n<p style=\"text-align: justify;\">Un momento trascendental lo constituy\u00f3 el encendido de las velas, cuyo s\u00edmbolo magnifico representa el ideal de la voluntad del servicio, la responsabilidad y la solidaridad de compa\u00f1eros.<\/p>\n<p><img decoding=\"async\" loading=\"lazy\" class=\"alignnone wp-image-8771 \" src=\"https:\/\/gobernacionaltaverapaz.gob.gt\/wp-content\/uploads\/2019\/12\/001-18.jpg\" alt=\"\" width=\"351\" height=\"197\" srcset=\"https:\/\/gobernacionaltaverapaz.gob.gt\/wp-content\/uploads\/2019\/12\/001-18.jpg 900w, https:\/\/gobernacionaltaverapaz.gob.gt\/wp-content\/uploads\/2019\/12\/001-18-300x169.jpg 300w, https:\/\/gobernacionaltaverapaz.gob.gt\/wp-content\/uploads\/2019\/12\/001-18-768x432.jpg 768w\" sizes=\"(max-width: 351px) 100vw, 351px\" \/>\u00a0\u00a0\u00a0\u00a0\u00a0\u00a0\u00a0 <img decoding=\"async\" loading=\"lazy\" class=\"alignnone wp-image-8773 \" src=\"https:\/\/gobernacionaltaverapaz.gob.gt\/wp-content\/uploads\/2019\/12\/003-15.jpg\" alt=\"\" width=\"351\" height=\"197\" srcset=\"https:\/\/gobernacionaltaverapaz.gob.gt\/wp-content\/uploads\/2019\/12\/003-15.jpg 900w, https:\/\/gobernacionaltaverapaz.gob.gt\/wp-content\/uploads\/2019\/12\/003-15-300x169.jpg 300w, https:\/\/gobernacionaltaverapaz.gob.gt\/wp-content\/uploads\/2019\/12\/003-15-768x432.jpg 768w\" sizes=\"(max-width: 351px) 100vw, 351px\" \/><\/p>\n","protected":false},"excerpt":{"rendered":"<p>En el Instituto Nacional de la Juventud de Alta Verapaz se llev\u00f3 a cabo la 49 Convenci\u00f3n de Alcoh\u00f3licos An\u00f3nimos a nivel nacional. En este evento se cont\u00f3 con la participaci\u00f3n de representantes de Alcoh\u00f3licos An\u00f3nimos de los 22 departamentos de Guatemala; las altas autoridades y dirigentes nacionales y en esta oportunidad la log\u00edstica y [&hellip;]<\/p>\n","protected":false},"author":1,"featured_media":8772,"comment_status":"closed","ping_status":"open","sticky":false,"template":"","format":"standard","meta":[],"categories":[5],"tags":[178],"_links":{"self":[{"href":"https:\/\/gobernacionaltaverapaz.gob.gt\/index.php?rest_route=\/wp\/v2\/posts\/8770"}],"collection":[{"href":"https:\/\/gobernacionaltaverapaz.gob.gt\/index.php?rest_route=\/wp\/v2\/posts"}],"about":[{"href":"https:\/\/gobernacionaltaverapaz.gob.gt\/index.php?rest_route=\/wp\/v2\/types\/post"}],"author":[{"embeddable":true,"href":"https:\/\/gobernacionaltaverapaz.gob.gt\/index.php?rest_route=\/wp\/v2\/users\/1"}],"replies":[{"embeddable":true,"href":"https:\/\/gobernacionaltaverapaz.gob.gt\/index.php?rest_route=%2Fwp%2Fv2%2Fcomments&post=8770"}],"version-history":[{"count":1,"href":"https:\/\/gobernacionaltaverapaz.gob.gt\/index.php?rest_route=\/wp\/v2\/posts\/8770\/revisions"}],"predecessor-version":[{"id":8774,"href":"https:\/\/gobernacionaltaverapaz.gob.gt\/index.php?rest_route=\/wp\/v2\/posts\/8770\/revisions\/8774"}],"wp:featuredmedia":[{"embeddable":true,"href":"https:\/\/gobernacionaltaverapaz.gob.gt\/index.php?rest_route=\/wp\/v2\/media\/8772"}],"wp:attachment":[{"href":"https:\/\/gobernacionaltaverapaz.gob.gt\/index.php?rest_route=%2Fwp%2Fv2%2Fmedia&parent=8770"}],"wp:term":[{"taxonomy":"category","embeddable":true,"href":"https:\/\/gobernacionaltaverapaz.gob.gt\/index.php?rest_route=%2Fwp%2Fv2%2Fcategories&post=8770"},{"taxonomy":"post_tag","embeddable":true,"href":"https:\/\/gobernacionaltaverapaz.gob.gt\/index.php?rest_route=%2Fwp%2Fv2%2Ftags&post=8770"}],"curies":[{"name":"wp","href":"https:\/\/api.w.org\/{rel}","templated":true}]}}