{"id":8783,"date":"2019-12-12T12:30:22","date_gmt":"2019-12-12T18:30:22","guid":{"rendered":"https:\/\/gobernacionaltaverapaz.gob.gt\/?p=8783"},"modified":"2019-12-16T08:53:56","modified_gmt":"2019-12-16T14:53:56","slug":"eleccin-de-representante-de-la-juventud","status":"publish","type":"post","link":"https:\/\/gobernacionaltaverapaz.gob.gt\/?p=8783","title":{"rendered":"Elecci\u00f3n de Representante de la Juventud"},"content":{"rendered":"<p style=\"text-align: justify;\">En Palacio de la Gobernaci\u00f3n Departamental de Alta Verapaz, Sal\u00f3n de las Am\u00e9ricas y el Parque de Navidad, se llev\u00f3 a cabo la actividad de elecci\u00f3n del representante de la Juventud en el Consejo Departamental de Desarrollo de Alta Verapaz.<\/p>\n<p style=\"text-align: justify;\">En el evento se tuvo la participaci\u00f3n de las ABEJAS, ASECSA, PAZ JOVEN, TECHO. Se cont\u00f3, tambi\u00e9n con la participaci\u00f3n de<span class=\"textexposedshow\"> 203 j\u00f3venes en edades de 18 a 35 a\u00f1os.<\/span><\/p>\n<p style=\"text-align: justify;\">Esta actividad estuvo coordinada por Gobernaci\u00f3n Departamental, para la cual se cont\u00f3 con el apoyo del Consejo Departamental de Desarrollo de Alta Verapaz y la Regional, as\u00ed mismo con CONJUVE, COCODES, TSE (mobiliario y equipo) Red Mundial de J\u00f3venes Pol\u00edticos, ASOCIACI\u00d3N DE J\u00d3VENES POR EL DESARROLLO DE ALTA VERAPAZ, entre otros.<\/p>\n<p style=\"text-align: justify;\">El Gobernador Departamental de Alta Verapaz, agradeci\u00f3 la participaci\u00f3n de las cuatro agrupaciones de j\u00f3venes, exponiendo los resultados: TECHO 18 votos, PAZ JOVEN 26votos, ABEJAS 27 votos, ASECSA 124 votos (8 nulos). Quedando electos para representar a la juventud en el Consejo de Desarrollo de Alta Verapaz, los j\u00f3venes Josu\u00e9 Edgar Ren\u00e9 Coy Ac (titular) Lidia Virginia Caal Caal (suplente).<\/p>\n<div><\/div>\n","protected":false},"excerpt":{"rendered":"<p>En Palacio de la Gobernaci\u00f3n Departamental de Alta Verapaz, Sal\u00f3n de las Am\u00e9ricas y el Parque de Navidad, se llev\u00f3 a cabo la actividad de elecci\u00f3n del representante de la Juventud en el Consejo Departamental de Desarrollo de Alta Verapaz. En el evento se tuvo la participaci\u00f3n de las ABEJAS, ASECSA, PAZ JOVEN, TECHO. Se [&hellip;]<\/p>\n","protected":false},"author":1,"featured_media":8786,"comment_status":"closed","ping_status":"open","sticky":false,"template":"","format":"standard","meta":[],"categories":[183],"tags":[178],"_links":{"self":[{"href":"https:\/\/gobernacionaltaverapaz.gob.gt\/index.php?rest_route=\/wp\/v2\/posts\/8783"}],"collection":[{"href":"https:\/\/gobernacionaltaverapaz.gob.gt\/index.php?rest_route=\/wp\/v2\/posts"}],"about":[{"href":"https:\/\/gobernacionaltaverapaz.gob.gt\/index.php?rest_route=\/wp\/v2\/types\/post"}],"author":[{"embeddable":true,"href":"https:\/\/gobernacionaltaverapaz.gob.gt\/index.php?rest_route=\/wp\/v2\/users\/1"}],"replies":[{"embeddable":true,"href":"https:\/\/gobernacionaltaverapaz.gob.gt\/index.php?rest_route=%2Fwp%2Fv2%2Fcomments&post=8783"}],"version-history":[{"count":2,"href":"https:\/\/gobernacionaltaverapaz.gob.gt\/index.php?rest_route=\/wp\/v2\/posts\/8783\/revisions"}],"predecessor-version":[{"id":8789,"href":"https:\/\/gobernacionaltaverapaz.gob.gt\/index.php?rest_route=\/wp\/v2\/posts\/8783\/revisions\/8789"}],"wp:featuredmedia":[{"embeddable":true,"href":"https:\/\/gobernacionaltaverapaz.gob.gt\/index.php?rest_route=\/wp\/v2\/media\/8786"}],"wp:attachment":[{"href":"https:\/\/gobernacionaltaverapaz.gob.gt\/index.php?rest_route=%2Fwp%2Fv2%2Fmedia&parent=8783"}],"wp:term":[{"taxonomy":"category","embeddable":true,"href":"https:\/\/gobernacionaltaverapaz.gob.gt\/index.php?rest_route=%2Fwp%2Fv2%2Fcategories&post=8783"},{"taxonomy":"post_tag","embeddable":true,"href":"https:\/\/gobernacionaltaverapaz.gob.gt\/index.php?rest_route=%2Fwp%2Fv2%2Ftags&post=8783"}],"curies":[{"name":"wp","href":"https:\/\/api.w.org\/{rel}","templated":true}]}}