{"id":8790,"date":"2019-12-20T12:30:14","date_gmt":"2019-12-20T18:30:14","guid":{"rendered":"https:\/\/gobernacionaltaverapaz.gob.gt\/?p=8790"},"modified":"2019-12-23T12:00:51","modified_gmt":"2019-12-23T18:00:51","slug":"reunin-del-consejo-departamental-de-desarrollo-av","status":"publish","type":"post","link":"https:\/\/gobernacionaltaverapaz.gob.gt\/?p=8790","title":{"rendered":"Reuni\u00f3n del Consejo Departamental de Desarrollo A.V."},"content":{"rendered":"<p style=\"text-align: justify;\">En el hotel y restaurante San Vicente, del municipio de COB\u00c1N, Alta Verapaz, se llev\u00f3 a cabo la sesi\u00f3n ordinaria correspondiente al mes de diciembre 2019.<\/p>\n<p style=\"text-align: justify;\">En dicha reuni\u00f3n ordinaria se present\u00f3 el informe de avances f\u00edsicos y financieros del Consejo Departamental de Desarrollo de Alta Verapaz; la presentaci\u00f3n de los resultados del Proyecto Comunicaci\u00f3n para el Desarrollo y Gobernanza Local <span class=\"textexposedshow\">en Seguridad Alimentaria y Nutricional y sus estrategias integradas; aprobaci\u00f3n de la agenda estrat\u00e9gica del CODEDE; programa de reuniones del CODEDE. <\/span><\/p>\n<p style=\"text-align: justify;\">El Gobernador Departamental de Alta Verapaz, M.A. Erik Nolberto Guerrero Mili\u00e1n, en su calidad de Presidente del Consejo Departamental de Desarrollo, agradece la asistencia de las instituciones p\u00fablicas, el bloque de sociedad civil y el de loa Alcaldes de Alta Verapaz durante el a\u00f1o 2019.<\/p>\n<p><img decoding=\"async\" loading=\"lazy\" class=\"alignnone wp-image-8793 \" src=\"https:\/\/gobernacionaltaverapaz.gob.gt\/wp-content\/uploads\/2019\/12\/003-18.jpg\" alt=\"\" width=\"350\" height=\"234\" srcset=\"https:\/\/gobernacionaltaverapaz.gob.gt\/wp-content\/uploads\/2019\/12\/003-18.jpg 900w, https:\/\/gobernacionaltaverapaz.gob.gt\/wp-content\/uploads\/2019\/12\/003-18-300x200.jpg 300w, https:\/\/gobernacionaltaverapaz.gob.gt\/wp-content\/uploads\/2019\/12\/003-18-768x513.jpg 768w\" sizes=\"(max-width: 350px) 100vw, 350px\" \/>\u00a0\u00a0\u00a0\u00a0\u00a0 <img decoding=\"async\" loading=\"lazy\" class=\"alignnone wp-image-8792 \" src=\"https:\/\/gobernacionaltaverapaz.gob.gt\/wp-content\/uploads\/2019\/12\/002-20.jpg\" alt=\"\" width=\"349\" height=\"233\" srcset=\"https:\/\/gobernacionaltaverapaz.gob.gt\/wp-content\/uploads\/2019\/12\/002-20.jpg 900w, https:\/\/gobernacionaltaverapaz.gob.gt\/wp-content\/uploads\/2019\/12\/002-20-300x200.jpg 300w, https:\/\/gobernacionaltaverapaz.gob.gt\/wp-content\/uploads\/2019\/12\/002-20-768x513.jpg 768w\" sizes=\"(max-width: 349px) 100vw, 349px\" \/><\/p>\n","protected":false},"excerpt":{"rendered":"<p>En el hotel y restaurante San Vicente, del municipio de COB\u00c1N, Alta Verapaz, se llev\u00f3 a cabo la sesi\u00f3n ordinaria correspondiente al mes de diciembre 2019. En dicha reuni\u00f3n ordinaria se present\u00f3 el informe de avances f\u00edsicos y financieros del Consejo Departamental de Desarrollo de Alta Verapaz; la presentaci\u00f3n de los resultados del Proyecto Comunicaci\u00f3n [&hellip;]<\/p>\n","protected":false},"author":1,"featured_media":8791,"comment_status":"closed","ping_status":"open","sticky":false,"template":"","format":"standard","meta":[],"categories":[194],"tags":[178],"_links":{"self":[{"href":"https:\/\/gobernacionaltaverapaz.gob.gt\/index.php?rest_route=\/wp\/v2\/posts\/8790"}],"collection":[{"href":"https:\/\/gobernacionaltaverapaz.gob.gt\/index.php?rest_route=\/wp\/v2\/posts"}],"about":[{"href":"https:\/\/gobernacionaltaverapaz.gob.gt\/index.php?rest_route=\/wp\/v2\/types\/post"}],"author":[{"embeddable":true,"href":"https:\/\/gobernacionaltaverapaz.gob.gt\/index.php?rest_route=\/wp\/v2\/users\/1"}],"replies":[{"embeddable":true,"href":"https:\/\/gobernacionaltaverapaz.gob.gt\/index.php?rest_route=%2Fwp%2Fv2%2Fcomments&post=8790"}],"version-history":[{"count":1,"href":"https:\/\/gobernacionaltaverapaz.gob.gt\/index.php?rest_route=\/wp\/v2\/posts\/8790\/revisions"}],"predecessor-version":[{"id":8794,"href":"https:\/\/gobernacionaltaverapaz.gob.gt\/index.php?rest_route=\/wp\/v2\/posts\/8790\/revisions\/8794"}],"wp:featuredmedia":[{"embeddable":true,"href":"https:\/\/gobernacionaltaverapaz.gob.gt\/index.php?rest_route=\/wp\/v2\/media\/8791"}],"wp:attachment":[{"href":"https:\/\/gobernacionaltaverapaz.gob.gt\/index.php?rest_route=%2Fwp%2Fv2%2Fmedia&parent=8790"}],"wp:term":[{"taxonomy":"category","embeddable":true,"href":"https:\/\/gobernacionaltaverapaz.gob.gt\/index.php?rest_route=%2Fwp%2Fv2%2Fcategories&post=8790"},{"taxonomy":"post_tag","embeddable":true,"href":"https:\/\/gobernacionaltaverapaz.gob.gt\/index.php?rest_route=%2Fwp%2Fv2%2Ftags&post=8790"}],"curies":[{"name":"wp","href":"https:\/\/api.w.org\/{rel}","templated":true}]}}