{"id":8795,"date":"2019-12-21T08:30:30","date_gmt":"2019-12-21T14:30:30","guid":{"rendered":"https:\/\/gobernacionaltaverapaz.gob.gt\/?p=8795"},"modified":"2019-12-23T12:15:24","modified_gmt":"2019-12-23T18:15:24","slug":"comit-por-la-dignificacin-de-los-jubilados-del-estado-al-adulto-mayor-codijeama","status":"publish","type":"post","link":"https:\/\/gobernacionaltaverapaz.gob.gt\/?p=8795","title":{"rendered":"Comit\u00e9 por la Dignificaci\u00f3n de los Jubilados del Estado y al Adulto Mayor -CODIJEAMA-"},"content":{"rendered":"<p style=\"text-align: justify;\">En el Palacio de la Gobernaci\u00f3n Departamental de Alta Verapaz, Sal\u00f3n de las Am\u00e9ricas se llev\u00f3 a cabo la asamblea informativa de las actividades del comit\u00e9.<\/p>\n<p style=\"text-align: justify;\">En dicho evento estuvo presente la comisi\u00f3n y directiva departamental y nacional quienes hicieron una presentaci\u00f3n general de los avances del proceso de la iniciativa de ley 5563 reformas al decreto n\u00famero 63-88 del Congreso de la Rep\u00fablica, Ley de Clases Pasivas del Estado.<\/p>\n<p style=\"text-align: justify;\">En la actividad estuvo presente el Gobernador Departamental de Alta Verapaz, M.A. Erik Nolberto Guerrero Mili\u00e1n, quien mostr\u00f3 su apoyo a estas entidades de beneficio colectivo.<\/p>\n<div><\/div>\n","protected":false},"excerpt":{"rendered":"<p>En el Palacio de la Gobernaci\u00f3n Departamental de Alta Verapaz, Sal\u00f3n de las Am\u00e9ricas se llev\u00f3 a cabo la asamblea informativa de las actividades del comit\u00e9. En dicho evento estuvo presente la comisi\u00f3n y directiva departamental y nacional quienes hicieron una presentaci\u00f3n general de los avances del proceso de la iniciativa de ley 5563 reformas [&hellip;]<\/p>\n","protected":false},"author":1,"featured_media":8797,"comment_status":"closed","ping_status":"open","sticky":false,"template":"","format":"gallery","meta":[],"categories":[183,194],"tags":[178],"_links":{"self":[{"href":"https:\/\/gobernacionaltaverapaz.gob.gt\/index.php?rest_route=\/wp\/v2\/posts\/8795"}],"collection":[{"href":"https:\/\/gobernacionaltaverapaz.gob.gt\/index.php?rest_route=\/wp\/v2\/posts"}],"about":[{"href":"https:\/\/gobernacionaltaverapaz.gob.gt\/index.php?rest_route=\/wp\/v2\/types\/post"}],"author":[{"embeddable":true,"href":"https:\/\/gobernacionaltaverapaz.gob.gt\/index.php?rest_route=\/wp\/v2\/users\/1"}],"replies":[{"embeddable":true,"href":"https:\/\/gobernacionaltaverapaz.gob.gt\/index.php?rest_route=%2Fwp%2Fv2%2Fcomments&post=8795"}],"version-history":[{"count":2,"href":"https:\/\/gobernacionaltaverapaz.gob.gt\/index.php?rest_route=\/wp\/v2\/posts\/8795\/revisions"}],"predecessor-version":[{"id":8801,"href":"https:\/\/gobernacionaltaverapaz.gob.gt\/index.php?rest_route=\/wp\/v2\/posts\/8795\/revisions\/8801"}],"wp:featuredmedia":[{"embeddable":true,"href":"https:\/\/gobernacionaltaverapaz.gob.gt\/index.php?rest_route=\/wp\/v2\/media\/8797"}],"wp:attachment":[{"href":"https:\/\/gobernacionaltaverapaz.gob.gt\/index.php?rest_route=%2Fwp%2Fv2%2Fmedia&parent=8795"}],"wp:term":[{"taxonomy":"category","embeddable":true,"href":"https:\/\/gobernacionaltaverapaz.gob.gt\/index.php?rest_route=%2Fwp%2Fv2%2Fcategories&post=8795"},{"taxonomy":"post_tag","embeddable":true,"href":"https:\/\/gobernacionaltaverapaz.gob.gt\/index.php?rest_route=%2Fwp%2Fv2%2Ftags&post=8795"}],"curies":[{"name":"wp","href":"https:\/\/api.w.org\/{rel}","templated":true}]}}