{"id":8802,"date":"2019-12-21T13:30:28","date_gmt":"2019-12-21T19:30:28","guid":{"rendered":"https:\/\/gobernacionaltaverapaz.gob.gt\/?p=8802"},"modified":"2019-12-23T12:21:35","modified_gmt":"2019-12-23T18:21:35","slug":"inauguracin-de-la-oficina-municipal-de-seguridad-alimentaria-nutricional","status":"publish","type":"post","link":"https:\/\/gobernacionaltaverapaz.gob.gt\/?p=8802","title":{"rendered":"Inauguraci\u00f3n de la Oficina Municipal de Seguridad Alimentaria y Nutricional"},"content":{"rendered":"<p style=\"text-align: justify;\">En el sal\u00f3n de usos m\u00faltiples de municipio de TACTIC, Alta Verapaz, se llev\u00f3 a cabo el acto protocolario de inauguraci\u00f3n de la Oficina Municipal de Seguridad Alimentaria y Nutricional.<\/p>\n<p style=\"text-align: justify;\">Esta unidad tendr\u00e1 a su cargo la coordinaci\u00f3n institucional para el abordaje de la tem\u00e1tica de la seguridad alimentaria y nutricional, con el objeto de hacerla sostenible, propici<span class=\"textexposedshow\">ar el di\u00e1logo institucional y comunitaria, mediante la elaboraci\u00f3n de diagn\u00f3sticos, planes y programas, entre otros.<\/span><\/p>\n<p style=\"text-align: justify;\">El Gobernador Departamental de Alta Verapaz, M.A. Erik Nolberto Guerrero Mili\u00e1n, tuvo a bien felicitar a las instituciones p\u00fablicas y a UNICEF, con el programa Comunicaci\u00f3n para el Desarrollo por este logro y en especial a las autoridades municipales por aceptar este reto y compromiso para el departamento.<\/p>\n<div><\/div>\n","protected":false},"excerpt":{"rendered":"<p>Con el objeto de hacerla sostenible, propiciar el di\u00e1logo institucional y comunitaria, mediante la elaboraci\u00f3n de diagn\u00f3sticos, planes y programas, entre otros.<\/p>\n","protected":false},"author":1,"featured_media":8806,"comment_status":"closed","ping_status":"open","sticky":false,"template":"","format":"gallery","meta":[],"categories":[191],"tags":[178],"_links":{"self":[{"href":"https:\/\/gobernacionaltaverapaz.gob.gt\/index.php?rest_route=\/wp\/v2\/posts\/8802"}],"collection":[{"href":"https:\/\/gobernacionaltaverapaz.gob.gt\/index.php?rest_route=\/wp\/v2\/posts"}],"about":[{"href":"https:\/\/gobernacionaltaverapaz.gob.gt\/index.php?rest_route=\/wp\/v2\/types\/post"}],"author":[{"embeddable":true,"href":"https:\/\/gobernacionaltaverapaz.gob.gt\/index.php?rest_route=\/wp\/v2\/users\/1"}],"replies":[{"embeddable":true,"href":"https:\/\/gobernacionaltaverapaz.gob.gt\/index.php?rest_route=%2Fwp%2Fv2%2Fcomments&post=8802"}],"version-history":[{"count":3,"href":"https:\/\/gobernacionaltaverapaz.gob.gt\/index.php?rest_route=\/wp\/v2\/posts\/8802\/revisions"}],"predecessor-version":[{"id":8809,"href":"https:\/\/gobernacionaltaverapaz.gob.gt\/index.php?rest_route=\/wp\/v2\/posts\/8802\/revisions\/8809"}],"wp:featuredmedia":[{"embeddable":true,"href":"https:\/\/gobernacionaltaverapaz.gob.gt\/index.php?rest_route=\/wp\/v2\/media\/8806"}],"wp:attachment":[{"href":"https:\/\/gobernacionaltaverapaz.gob.gt\/index.php?rest_route=%2Fwp%2Fv2%2Fmedia&parent=8802"}],"wp:term":[{"taxonomy":"category","embeddable":true,"href":"https:\/\/gobernacionaltaverapaz.gob.gt\/index.php?rest_route=%2Fwp%2Fv2%2Fcategories&post=8802"},{"taxonomy":"post_tag","embeddable":true,"href":"https:\/\/gobernacionaltaverapaz.gob.gt\/index.php?rest_route=%2Fwp%2Fv2%2Ftags&post=8802"}],"curies":[{"name":"wp","href":"https:\/\/api.w.org\/{rel}","templated":true}]}}