{"id":8811,"date":"2019-12-27T14:00:24","date_gmt":"2019-12-27T20:00:24","guid":{"rendered":"https:\/\/gobernacionaltaverapaz.gob.gt\/?p=8811"},"modified":"2019-12-27T16:27:10","modified_gmt":"2019-12-27T22:27:10","slug":"develacin-del-monumento-la-paz","status":"publish","type":"post","link":"https:\/\/gobernacionaltaverapaz.gob.gt\/?p=8811","title":{"rendered":"Develaci\u00f3n del Monumento a La Paz"},"content":{"rendered":"<p style=\"text-align: justify;\">En el Palacio de la Gobernaci\u00f3n Departamental de Alta Verapaz, Parque Infantil Navidad, se llev\u00f3 a cabo la develaci\u00f3n de la r\u00e9plica del monumento a La Paz, el cual tiene una connotaci\u00f3n especial para el departamento de Alta Verapaz y que de manera hist\u00f3rica se tiene dicho monumento el coraz\u00f3n del Centro Hist\u00f3rico de Cob\u00e1n.<\/p>\n<p style=\"text-align: justify;\">En el acto de develaci\u00f3n, se coloc\u00f3 por primera vez la rosa de la paz, siendo homena<span class=\"textexposedshow\">jeado el Doctor Vicente Ad\u00e1n Macz Pop, director del Hospital Regional de COB\u00c1N, Alta Verapaz, reconociendo con este acto su labor, entrega, liderazgo y la gesti\u00f3n administrativa llevada a cabo en su tarea del servicio p\u00fablico. <\/span><\/p>\n<p style=\"text-align: justify;\">En esta actividad se cont\u00f3 con la presencia de la Secretaria de la Paz -SEPAZ- Doctora Lourdes Xitumul Piox y del M.A. Erik Nolberto Guerrero Mili\u00e1n, Gobernador Departamental de Alta Verapaz.<\/p>\n<div><\/div>\n","protected":false},"excerpt":{"rendered":"<p>En el acto de develaci\u00f3n, se coloc\u00f3 por primera vez la rosa de la paz.<\/p>\n","protected":false},"author":1,"featured_media":8818,"comment_status":"closed","ping_status":"open","sticky":false,"template":"","format":"gallery","meta":[],"categories":[183],"tags":[178],"_links":{"self":[{"href":"https:\/\/gobernacionaltaverapaz.gob.gt\/index.php?rest_route=\/wp\/v2\/posts\/8811"}],"collection":[{"href":"https:\/\/gobernacionaltaverapaz.gob.gt\/index.php?rest_route=\/wp\/v2\/posts"}],"about":[{"href":"https:\/\/gobernacionaltaverapaz.gob.gt\/index.php?rest_route=\/wp\/v2\/types\/post"}],"author":[{"embeddable":true,"href":"https:\/\/gobernacionaltaverapaz.gob.gt\/index.php?rest_route=\/wp\/v2\/users\/1"}],"replies":[{"embeddable":true,"href":"https:\/\/gobernacionaltaverapaz.gob.gt\/index.php?rest_route=%2Fwp%2Fv2%2Fcomments&post=8811"}],"version-history":[{"count":2,"href":"https:\/\/gobernacionaltaverapaz.gob.gt\/index.php?rest_route=\/wp\/v2\/posts\/8811\/revisions"}],"predecessor-version":[{"id":8823,"href":"https:\/\/gobernacionaltaverapaz.gob.gt\/index.php?rest_route=\/wp\/v2\/posts\/8811\/revisions\/8823"}],"wp:featuredmedia":[{"embeddable":true,"href":"https:\/\/gobernacionaltaverapaz.gob.gt\/index.php?rest_route=\/wp\/v2\/media\/8818"}],"wp:attachment":[{"href":"https:\/\/gobernacionaltaverapaz.gob.gt\/index.php?rest_route=%2Fwp%2Fv2%2Fmedia&parent=8811"}],"wp:term":[{"taxonomy":"category","embeddable":true,"href":"https:\/\/gobernacionaltaverapaz.gob.gt\/index.php?rest_route=%2Fwp%2Fv2%2Fcategories&post=8811"},{"taxonomy":"post_tag","embeddable":true,"href":"https:\/\/gobernacionaltaverapaz.gob.gt\/index.php?rest_route=%2Fwp%2Fv2%2Ftags&post=8811"}],"curies":[{"name":"wp","href":"https:\/\/api.w.org\/{rel}","templated":true}]}}