{"id":8825,"date":"2020-01-06T11:30:57","date_gmt":"2020-01-06T17:30:57","guid":{"rendered":"https:\/\/gobernacionaltaverapaz.gob.gt\/?p=8825"},"modified":"2020-01-14T08:23:29","modified_gmt":"2020-01-14T14:23:29","slug":"inauguracin-de-escuela-municipal-de-pintura","status":"publish","type":"post","link":"https:\/\/gobernacionaltaverapaz.gob.gt\/?p=8825","title":{"rendered":"Inauguraci\u00f3n de Escuela Municipal de Pintura"},"content":{"rendered":"<p style=\"text-align: justify;\">En el Parque Navidad del Palacio de la Gobernaci\u00f3n Departamental de Alta Verapaz, se llev\u00f3 a cabo la inauguraci\u00f3n de la reapertura de la escuela Municipal de Pintura.<\/p>\n<p style=\"text-align: justify;\">Para este evento se cont\u00f3 con la participaci\u00f3n de la maestra del curso Jessica Jeannina Vega Ram\u00edrez, el Doctor Ad\u00e1n Mac, la Doctora Lourdes Xitumul, Secretar\u00eda de la Paz.<\/p>\n<p style=\"text-align: justify;\">El Gobernador Departamental de Alta Verapaz, M.A. Erik Nolberto Guerrero Mili\u00e1n reconoci\u00f3 el trabajo de la instructora del curso y apoy\u00f3 con el traslado al sitio denominado PREVETREN, con dicho traslado se motivar\u00e1 la participaci\u00f3n de m\u00e1s personas interesadas en cultivar dicho arte.<\/p>\n<div><\/div>\n","protected":false},"excerpt":{"rendered":"<p>En el Parque Navidad del Palacio de la Gobernaci\u00f3n Departamental de Alta Verapaz, se llev\u00f3 a cabo la inauguraci\u00f3n de la reapertura de la escuela Municipal de Pintura. Para este evento se cont\u00f3 con la participaci\u00f3n de la maestra del curso Jessica Jeannina Vega Ram\u00edrez, el Doctor Ad\u00e1n Mac, la Doctora Lourdes Xitumul, Secretar\u00eda de [&hellip;]<\/p>\n","protected":false},"author":1,"featured_media":8826,"comment_status":"closed","ping_status":"open","sticky":false,"template":"","format":"gallery","meta":[],"categories":[2],"tags":[178],"_links":{"self":[{"href":"https:\/\/gobernacionaltaverapaz.gob.gt\/index.php?rest_route=\/wp\/v2\/posts\/8825"}],"collection":[{"href":"https:\/\/gobernacionaltaverapaz.gob.gt\/index.php?rest_route=\/wp\/v2\/posts"}],"about":[{"href":"https:\/\/gobernacionaltaverapaz.gob.gt\/index.php?rest_route=\/wp\/v2\/types\/post"}],"author":[{"embeddable":true,"href":"https:\/\/gobernacionaltaverapaz.gob.gt\/index.php?rest_route=\/wp\/v2\/users\/1"}],"replies":[{"embeddable":true,"href":"https:\/\/gobernacionaltaverapaz.gob.gt\/index.php?rest_route=%2Fwp%2Fv2%2Fcomments&post=8825"}],"version-history":[{"count":2,"href":"https:\/\/gobernacionaltaverapaz.gob.gt\/index.php?rest_route=\/wp\/v2\/posts\/8825\/revisions"}],"predecessor-version":[{"id":8833,"href":"https:\/\/gobernacionaltaverapaz.gob.gt\/index.php?rest_route=\/wp\/v2\/posts\/8825\/revisions\/8833"}],"wp:featuredmedia":[{"embeddable":true,"href":"https:\/\/gobernacionaltaverapaz.gob.gt\/index.php?rest_route=\/wp\/v2\/media\/8826"}],"wp:attachment":[{"href":"https:\/\/gobernacionaltaverapaz.gob.gt\/index.php?rest_route=%2Fwp%2Fv2%2Fmedia&parent=8825"}],"wp:term":[{"taxonomy":"category","embeddable":true,"href":"https:\/\/gobernacionaltaverapaz.gob.gt\/index.php?rest_route=%2Fwp%2Fv2%2Fcategories&post=8825"},{"taxonomy":"post_tag","embeddable":true,"href":"https:\/\/gobernacionaltaverapaz.gob.gt\/index.php?rest_route=%2Fwp%2Fv2%2Ftags&post=8825"}],"curies":[{"name":"wp","href":"https:\/\/api.w.org\/{rel}","templated":true}]}}