{"id":8834,"date":"2020-01-07T12:30:56","date_gmt":"2020-01-07T18:30:56","guid":{"rendered":"https:\/\/gobernacionaltaverapaz.gob.gt\/?p=8834"},"modified":"2020-01-14T08:49:57","modified_gmt":"2020-01-14T14:49:57","slug":"da-del-soldado-verapacense","status":"publish","type":"post","link":"https:\/\/gobernacionaltaverapaz.gob.gt\/?p=8834","title":{"rendered":"D\u00eda del Soldado Verapacense"},"content":{"rendered":"<p style=\"text-align: justify;\">Se llev\u00f3 a cabo la celebraci\u00f3n del D\u00eda del Soldado Verapacense, el cual inici\u00f3 con un desfile c\u00edvico militar iniciando en el parque San Marcos, finalizando en el Estadio Verapaz &#8220;Jos\u00e9 \u00c1ngel Rossi&#8221;.<\/p>\n<p style=\"text-align: justify;\">En el evento se destac\u00f3 la participaci\u00f3n del Ministerio de la Defensa con las unidades de CREOMPAZ, SEXTA BRIGADA DE INFANTERIA, RESERVAS MILITARES, PM, FUERZA NAVALY F\u00c1BRICA DE MUNICIONES, de igual manera el l\u00edder<span class=\"textexposedshow\"> de la Asociaci\u00f3n, Mayor Retirado: Estuardo Fern\u00e1ndez Pel\u00e1ez.<\/span><\/p>\n<p style=\"text-align: justify;\">El Gobernador Departamental de Alta Verapaz, M.A. Erik Nolberto Guerrero Mili\u00e1n, estuvo presente en el evento, quien destac\u00f3 el apoyo institucional del Ministerio de la Defensa y agradeci\u00f3 el acto realizado ya que estas acciones resaltan y fortalecen la seguridad del departamento.<\/p>\n<div><\/div>\n","protected":false},"excerpt":{"rendered":"<p>Se llev\u00f3 a cabo la celebraci\u00f3n del D\u00eda del Soldado Verapacense, el cual inici\u00f3 con un desfile c\u00edvico militar iniciando en el parque San Marcos, finalizando en el Estadio Verapaz &#8220;Jos\u00e9 \u00c1ngel Rossi&#8221;. En el evento se destac\u00f3 la participaci\u00f3n del Ministerio de la Defensa con las unidades de CREOMPAZ, SEXTA BRIGADA DE INFANTERIA, RESERVAS [&hellip;]<\/p>\n","protected":false},"author":1,"featured_media":8840,"comment_status":"closed","ping_status":"open","sticky":false,"template":"","format":"gallery","meta":[],"categories":[183],"tags":[178],"_links":{"self":[{"href":"https:\/\/gobernacionaltaverapaz.gob.gt\/index.php?rest_route=\/wp\/v2\/posts\/8834"}],"collection":[{"href":"https:\/\/gobernacionaltaverapaz.gob.gt\/index.php?rest_route=\/wp\/v2\/posts"}],"about":[{"href":"https:\/\/gobernacionaltaverapaz.gob.gt\/index.php?rest_route=\/wp\/v2\/types\/post"}],"author":[{"embeddable":true,"href":"https:\/\/gobernacionaltaverapaz.gob.gt\/index.php?rest_route=\/wp\/v2\/users\/1"}],"replies":[{"embeddable":true,"href":"https:\/\/gobernacionaltaverapaz.gob.gt\/index.php?rest_route=%2Fwp%2Fv2%2Fcomments&post=8834"}],"version-history":[{"count":3,"href":"https:\/\/gobernacionaltaverapaz.gob.gt\/index.php?rest_route=\/wp\/v2\/posts\/8834\/revisions"}],"predecessor-version":[{"id":8847,"href":"https:\/\/gobernacionaltaverapaz.gob.gt\/index.php?rest_route=\/wp\/v2\/posts\/8834\/revisions\/8847"}],"wp:featuredmedia":[{"embeddable":true,"href":"https:\/\/gobernacionaltaverapaz.gob.gt\/index.php?rest_route=\/wp\/v2\/media\/8840"}],"wp:attachment":[{"href":"https:\/\/gobernacionaltaverapaz.gob.gt\/index.php?rest_route=%2Fwp%2Fv2%2Fmedia&parent=8834"}],"wp:term":[{"taxonomy":"category","embeddable":true,"href":"https:\/\/gobernacionaltaverapaz.gob.gt\/index.php?rest_route=%2Fwp%2Fv2%2Fcategories&post=8834"},{"taxonomy":"post_tag","embeddable":true,"href":"https:\/\/gobernacionaltaverapaz.gob.gt\/index.php?rest_route=%2Fwp%2Fv2%2Ftags&post=8834"}],"curies":[{"name":"wp","href":"https:\/\/api.w.org\/{rel}","templated":true}]}}