{"id":8848,"date":"2020-01-08T10:22:37","date_gmt":"2020-01-08T16:22:37","guid":{"rendered":"https:\/\/gobernacionaltaverapaz.gob.gt\/?p=8848"},"modified":"2020-01-14T09:01:56","modified_gmt":"2020-01-14T15:01:56","slug":"inauguracin-de-edificio-escolar-casero-chimuy-chicoc","status":"publish","type":"post","link":"https:\/\/gobernacionaltaverapaz.gob.gt\/?p=8848","title":{"rendered":"Inauguraci\u00f3n de edificio escolar caser\u00edo Chimuy Chicoc"},"content":{"rendered":"<p style=\"text-align: justify;\">En el caser\u00edo Chimuy Chicoc, de Chahal se llev\u00f3 a cabo la inauguraci\u00f3n del edificio escolar.<\/p>\n<p style=\"text-align: justify;\">En la actividad se cont\u00f3 con la participaci\u00f3n del director del establecimiento profesor Guillermo Chocooj Cant\u00ed; Alcalde Comunitario: Jos\u00e9 Caal Ixim; Presidente de Padres de Familia OPF: Marcelino Coc Can; Alcalde Municipal: Carlos Francisco C\u00f3rdova Garza.<\/p>\n<p style=\"text-align: justify;\">El se\u00f1or Gobernador Departamental de Alta Verapaz, M.A. Erik Nolberto Guerrero Mili\u00e1n, agradeci\u00f3 la invitaci\u00f3n a este importante acto y destac\u00f3 la relevancia del aporte del Gobierno Central y la de la Comuna al sector educativo.<\/p>\n<div><\/div>\n","protected":false},"excerpt":{"rendered":"<p>En el caser\u00edo Chimuy Chicoc, de Chahal se llev\u00f3 a cabo la inauguraci\u00f3n del edificio escolar. En la actividad se cont\u00f3 con la participaci\u00f3n del director del establecimiento profesor Guillermo Chocooj Cant\u00ed; Alcalde Comunitario: Jos\u00e9 Caal Ixim; Presidente de Padres de Familia OPF: Marcelino Coc Can; Alcalde Municipal: Carlos Francisco C\u00f3rdova Garza. El se\u00f1or Gobernador [&hellip;]<\/p>\n","protected":false},"author":1,"featured_media":8853,"comment_status":"closed","ping_status":"open","sticky":false,"template":"","format":"gallery","meta":[],"categories":[2],"tags":[178],"_links":{"self":[{"href":"https:\/\/gobernacionaltaverapaz.gob.gt\/index.php?rest_route=\/wp\/v2\/posts\/8848"}],"collection":[{"href":"https:\/\/gobernacionaltaverapaz.gob.gt\/index.php?rest_route=\/wp\/v2\/posts"}],"about":[{"href":"https:\/\/gobernacionaltaverapaz.gob.gt\/index.php?rest_route=\/wp\/v2\/types\/post"}],"author":[{"embeddable":true,"href":"https:\/\/gobernacionaltaverapaz.gob.gt\/index.php?rest_route=\/wp\/v2\/users\/1"}],"replies":[{"embeddable":true,"href":"https:\/\/gobernacionaltaverapaz.gob.gt\/index.php?rest_route=%2Fwp%2Fv2%2Fcomments&post=8848"}],"version-history":[{"count":2,"href":"https:\/\/gobernacionaltaverapaz.gob.gt\/index.php?rest_route=\/wp\/v2\/posts\/8848\/revisions"}],"predecessor-version":[{"id":8856,"href":"https:\/\/gobernacionaltaverapaz.gob.gt\/index.php?rest_route=\/wp\/v2\/posts\/8848\/revisions\/8856"}],"wp:featuredmedia":[{"embeddable":true,"href":"https:\/\/gobernacionaltaverapaz.gob.gt\/index.php?rest_route=\/wp\/v2\/media\/8853"}],"wp:attachment":[{"href":"https:\/\/gobernacionaltaverapaz.gob.gt\/index.php?rest_route=%2Fwp%2Fv2%2Fmedia&parent=8848"}],"wp:term":[{"taxonomy":"category","embeddable":true,"href":"https:\/\/gobernacionaltaverapaz.gob.gt\/index.php?rest_route=%2Fwp%2Fv2%2Fcategories&post=8848"},{"taxonomy":"post_tag","embeddable":true,"href":"https:\/\/gobernacionaltaverapaz.gob.gt\/index.php?rest_route=%2Fwp%2Fv2%2Ftags&post=8848"}],"curies":[{"name":"wp","href":"https:\/\/api.w.org\/{rel}","templated":true}]}}