{"id":8857,"date":"2020-01-09T06:35:44","date_gmt":"2020-01-09T12:35:44","guid":{"rendered":"https:\/\/gobernacionaltaverapaz.gob.gt\/?p=8857"},"modified":"2020-01-14T09:11:30","modified_gmt":"2020-01-14T15:11:30","slug":"cambio-de-la-rosa-de-la-paz","status":"publish","type":"post","link":"https:\/\/gobernacionaltaverapaz.gob.gt\/?p=8857","title":{"rendered":"Cambio de la Rosa de La Paz"},"content":{"rendered":"<p style=\"text-align: justify;\">En el Parque Infantil Navidad del Palacio de la Gobernaci\u00f3n Departamental de Alta Verapaz, se llev\u00f3 a cabo el cambio de la Rosa de La Paz.<\/p>\n<p style=\"text-align: justify;\">En esta ocasi\u00f3n se homenaje\u00f3 al Distinguido Maestro Huberto Jacob Mart\u00ednez, quien se ha destacado como gu\u00eda de j\u00f3venes en la ejecuci\u00f3n de melod\u00edas en Marimba, as\u00ed mismo ha compuesto varias melod\u00edas.<\/p>\n<p style=\"text-align: justify;\">En esta actividad estuvo presente el Gobernador Departamental M.A. Erik Nolberto Guerrero Mili\u00e1n, quien destac\u00f3 el importante papel del maestro en la construcci\u00f3n de la Paz.<\/p>\n<div><\/div>\n","protected":false},"excerpt":{"rendered":"<p>En el Parque Infantil Navidad del Palacio de la Gobernaci\u00f3n Departamental de Alta Verapaz, se llev\u00f3 a cabo el cambio de la Rosa de La Paz. En esta ocasi\u00f3n se homenaje\u00f3 al Distinguido Maestro Huberto Jacob Mart\u00ednez, quien se ha destacado como gu\u00eda de j\u00f3venes en la ejecuci\u00f3n de melod\u00edas en Marimba, as\u00ed mismo ha [&hellip;]<\/p>\n","protected":false},"author":1,"featured_media":8859,"comment_status":"closed","ping_status":"open","sticky":false,"template":"","format":"gallery","meta":[],"categories":[183],"tags":[178],"_links":{"self":[{"href":"https:\/\/gobernacionaltaverapaz.gob.gt\/index.php?rest_route=\/wp\/v2\/posts\/8857"}],"collection":[{"href":"https:\/\/gobernacionaltaverapaz.gob.gt\/index.php?rest_route=\/wp\/v2\/posts"}],"about":[{"href":"https:\/\/gobernacionaltaverapaz.gob.gt\/index.php?rest_route=\/wp\/v2\/types\/post"}],"author":[{"embeddable":true,"href":"https:\/\/gobernacionaltaverapaz.gob.gt\/index.php?rest_route=\/wp\/v2\/users\/1"}],"replies":[{"embeddable":true,"href":"https:\/\/gobernacionaltaverapaz.gob.gt\/index.php?rest_route=%2Fwp%2Fv2%2Fcomments&post=8857"}],"version-history":[{"count":3,"href":"https:\/\/gobernacionaltaverapaz.gob.gt\/index.php?rest_route=\/wp\/v2\/posts\/8857\/revisions"}],"predecessor-version":[{"id":8866,"href":"https:\/\/gobernacionaltaverapaz.gob.gt\/index.php?rest_route=\/wp\/v2\/posts\/8857\/revisions\/8866"}],"wp:featuredmedia":[{"embeddable":true,"href":"https:\/\/gobernacionaltaverapaz.gob.gt\/index.php?rest_route=\/wp\/v2\/media\/8859"}],"wp:attachment":[{"href":"https:\/\/gobernacionaltaverapaz.gob.gt\/index.php?rest_route=%2Fwp%2Fv2%2Fmedia&parent=8857"}],"wp:term":[{"taxonomy":"category","embeddable":true,"href":"https:\/\/gobernacionaltaverapaz.gob.gt\/index.php?rest_route=%2Fwp%2Fv2%2Fcategories&post=8857"},{"taxonomy":"post_tag","embeddable":true,"href":"https:\/\/gobernacionaltaverapaz.gob.gt\/index.php?rest_route=%2Fwp%2Fv2%2Ftags&post=8857"}],"curies":[{"name":"wp","href":"https:\/\/api.w.org\/{rel}","templated":true}]}}