{"id":8867,"date":"2020-01-10T05:43:45","date_gmt":"2020-01-10T11:43:45","guid":{"rendered":"https:\/\/gobernacionaltaverapaz.gob.gt\/?p=8867"},"modified":"2020-01-14T09:22:50","modified_gmt":"2020-01-14T15:22:50","slug":"inauguracin-del-ciclo-escolar-2020","status":"publish","type":"post","link":"https:\/\/gobernacionaltaverapaz.gob.gt\/?p=8867","title":{"rendered":"Inauguraci\u00f3n del ciclo escolar 2020"},"content":{"rendered":"<p style=\"text-align: justify;\">En la Escuela Nacional de Ciencias Comerciales de Cob\u00e1n, Alta Verapaz se llev\u00f3 a cabo la inauguraci\u00f3n del ciclo escolar 2020.<\/p>\n<p style=\"text-align: justify;\">En este evento estuvo presente el personal docente y administrativo de la Escuela de Comercio; el Director Departamental de Educaci\u00f3n Lic. Edgar Chen Bac y el Gobernador Departamental de Alta Verapaz M.A. Erik Nolberto Guerrero Mili\u00e1n quien procedi\u00f3 a realizar el Juramento a los docentes del c<span class=\"textexposedshow\">entro educativo.<\/span><\/p>\n<div><\/div>\n","protected":false},"excerpt":{"rendered":"<p>En la Escuela Nacional de Ciencias Comerciales de Cob\u00e1n, Alta Verapaz se llev\u00f3 a cabo la inauguraci\u00f3n del ciclo escolar 2020. En este evento estuvo presente el personal docente y administrativo de la Escuela de Comercio; el Director Departamental de Educaci\u00f3n Lic. Edgar Chen Bac y el Gobernador Departamental de Alta Verapaz M.A. Erik Nolberto [&hellip;]<\/p>\n","protected":false},"author":1,"featured_media":8868,"comment_status":"closed","ping_status":"open","sticky":false,"template":"","format":"gallery","meta":[],"categories":[2],"tags":[178],"_links":{"self":[{"href":"https:\/\/gobernacionaltaverapaz.gob.gt\/index.php?rest_route=\/wp\/v2\/posts\/8867"}],"collection":[{"href":"https:\/\/gobernacionaltaverapaz.gob.gt\/index.php?rest_route=\/wp\/v2\/posts"}],"about":[{"href":"https:\/\/gobernacionaltaverapaz.gob.gt\/index.php?rest_route=\/wp\/v2\/types\/post"}],"author":[{"embeddable":true,"href":"https:\/\/gobernacionaltaverapaz.gob.gt\/index.php?rest_route=\/wp\/v2\/users\/1"}],"replies":[{"embeddable":true,"href":"https:\/\/gobernacionaltaverapaz.gob.gt\/index.php?rest_route=%2Fwp%2Fv2%2Fcomments&post=8867"}],"version-history":[{"count":2,"href":"https:\/\/gobernacionaltaverapaz.gob.gt\/index.php?rest_route=\/wp\/v2\/posts\/8867\/revisions"}],"predecessor-version":[{"id":8875,"href":"https:\/\/gobernacionaltaverapaz.gob.gt\/index.php?rest_route=\/wp\/v2\/posts\/8867\/revisions\/8875"}],"wp:featuredmedia":[{"embeddable":true,"href":"https:\/\/gobernacionaltaverapaz.gob.gt\/index.php?rest_route=\/wp\/v2\/media\/8868"}],"wp:attachment":[{"href":"https:\/\/gobernacionaltaverapaz.gob.gt\/index.php?rest_route=%2Fwp%2Fv2%2Fmedia&parent=8867"}],"wp:term":[{"taxonomy":"category","embeddable":true,"href":"https:\/\/gobernacionaltaverapaz.gob.gt\/index.php?rest_route=%2Fwp%2Fv2%2Fcategories&post=8867"},{"taxonomy":"post_tag","embeddable":true,"href":"https:\/\/gobernacionaltaverapaz.gob.gt\/index.php?rest_route=%2Fwp%2Fv2%2Ftags&post=8867"}],"curies":[{"name":"wp","href":"https:\/\/api.w.org\/{rel}","templated":true}]}}