{"id":8876,"date":"2020-01-10T13:16:33","date_gmt":"2020-01-10T19:16:33","guid":{"rendered":"https:\/\/gobernacionaltaverapaz.gob.gt\/?p=8876"},"modified":"2020-01-14T09:36:44","modified_gmt":"2020-01-14T15:36:44","slug":"cambio-de-la-rosa-de-la-paz-por-la-deportista-silvia-mara-rivera-gonzlez","status":"publish","type":"post","link":"https:\/\/gobernacionaltaverapaz.gob.gt\/?p=8876","title":{"rendered":"Cambio de la Rosa de La Paz por la deportista Silvia Mar\u00eda Rivera Gonz\u00e1lez"},"content":{"rendered":"<p style=\"text-align: justify;\">En el Parque Infantil Navidad del Palacio de la Gobernaci\u00f3n Departamental de Alta Verapaz, se llev\u00f3 a cabo el cambio de la Rosa de La Paz.<\/p>\n<p style=\"text-align: justify;\">En esta ocasi\u00f3n se homenaje\u00f3 la Distinguida deportista Silvia Mar\u00eda Rivera Gonz\u00e1lez quien se ha destacado en la disciplina del Taekwondo a nivel municipal, departamental y nacional.<\/p>\n<p style=\"text-align: justify;\">En esta actividad estuvo presente el Gobernador Departamental M.A. Erik Nolberto Guerrero Mili\u00e1n, quien destac\u00f3 el importante papel del deporte en la construcci\u00f3n de la Paz.<\/p>\n<div><\/div>\n","protected":false},"excerpt":{"rendered":"<p>Quien se ha destacado en la disciplina del Taekwondo a nivel municipal, departamental y nacional.<\/p>\n","protected":false},"author":1,"featured_media":8878,"comment_status":"closed","ping_status":"open","sticky":false,"template":"","format":"gallery","meta":[],"categories":[177],"tags":[178],"_links":{"self":[{"href":"https:\/\/gobernacionaltaverapaz.gob.gt\/index.php?rest_route=\/wp\/v2\/posts\/8876"}],"collection":[{"href":"https:\/\/gobernacionaltaverapaz.gob.gt\/index.php?rest_route=\/wp\/v2\/posts"}],"about":[{"href":"https:\/\/gobernacionaltaverapaz.gob.gt\/index.php?rest_route=\/wp\/v2\/types\/post"}],"author":[{"embeddable":true,"href":"https:\/\/gobernacionaltaverapaz.gob.gt\/index.php?rest_route=\/wp\/v2\/users\/1"}],"replies":[{"embeddable":true,"href":"https:\/\/gobernacionaltaverapaz.gob.gt\/index.php?rest_route=%2Fwp%2Fv2%2Fcomments&post=8876"}],"version-history":[{"count":3,"href":"https:\/\/gobernacionaltaverapaz.gob.gt\/index.php?rest_route=\/wp\/v2\/posts\/8876\/revisions"}],"predecessor-version":[{"id":8883,"href":"https:\/\/gobernacionaltaverapaz.gob.gt\/index.php?rest_route=\/wp\/v2\/posts\/8876\/revisions\/8883"}],"wp:featuredmedia":[{"embeddable":true,"href":"https:\/\/gobernacionaltaverapaz.gob.gt\/index.php?rest_route=\/wp\/v2\/media\/8878"}],"wp:attachment":[{"href":"https:\/\/gobernacionaltaverapaz.gob.gt\/index.php?rest_route=%2Fwp%2Fv2%2Fmedia&parent=8876"}],"wp:term":[{"taxonomy":"category","embeddable":true,"href":"https:\/\/gobernacionaltaverapaz.gob.gt\/index.php?rest_route=%2Fwp%2Fv2%2Fcategories&post=8876"},{"taxonomy":"post_tag","embeddable":true,"href":"https:\/\/gobernacionaltaverapaz.gob.gt\/index.php?rest_route=%2Fwp%2Fv2%2Ftags&post=8876"}],"curies":[{"name":"wp","href":"https:\/\/api.w.org\/{rel}","templated":true}]}}