{"id":8884,"date":"2020-01-16T07:45:48","date_gmt":"2020-01-16T13:45:48","guid":{"rendered":"https:\/\/gobernacionaltaverapaz.gob.gt\/?p=8884"},"modified":"2020-01-21T08:32:31","modified_gmt":"2020-01-21T14:32:31","slug":"prevencin-de-incendios-forestales","status":"publish","type":"post","link":"https:\/\/gobernacionaltaverapaz.gob.gt\/?p=8884","title":{"rendered":"Prevenci\u00f3n de incendios forestales"},"content":{"rendered":"<p style=\"text-align: justify;\">En las instalaciones del Consejo Nacional de Reducci\u00f3n de Desastres CONRED, de Cob\u00e1n, Alta Verapaz, se llev\u00f3 a cabo la reuni\u00f3n para la activaci\u00f3n del Consejo T\u00e9cnico de Incendios Forestales de Alta Verapaz.<\/p>\n<p style=\"text-align: justify;\">En la reuni\u00f3n se tuvo la representaci\u00f3n del INAB, SE-CONRED, CONAP, MARN y Gobernaci\u00f3n Departamental.<\/p>\n<p style=\"text-align: justify;\">En esta actividad se evalu\u00f3 el protocolo de atenci\u00f3n, instrucciones de cumplimiento, organizaci\u00f3n de talleres para la capacitaci\u00f3n de las brigadas municipales.<\/p>\n<p><img decoding=\"async\" loading=\"lazy\" class=\"alignnone wp-image-8886 \" src=\"https:\/\/gobernacionaltaverapaz.gob.gt\/wp-content\/uploads\/2020\/01\/002-6.jpg\" alt=\"\" width=\"351\" height=\"197\" srcset=\"https:\/\/gobernacionaltaverapaz.gob.gt\/wp-content\/uploads\/2020\/01\/002-6.jpg 900w, https:\/\/gobernacionaltaverapaz.gob.gt\/wp-content\/uploads\/2020\/01\/002-6-300x169.jpg 300w, https:\/\/gobernacionaltaverapaz.gob.gt\/wp-content\/uploads\/2020\/01\/002-6-768x432.jpg 768w\" sizes=\"(max-width: 351px) 100vw, 351px\" \/>\u00a0\u00a0\u00a0\u00a0\u00a0 <img decoding=\"async\" loading=\"lazy\" class=\"alignnone wp-image-8885 \" src=\"https:\/\/gobernacionaltaverapaz.gob.gt\/wp-content\/uploads\/2020\/01\/001-6.jpg\" alt=\"\" width=\"349\" height=\"196\" srcset=\"https:\/\/gobernacionaltaverapaz.gob.gt\/wp-content\/uploads\/2020\/01\/001-6.jpg 900w, https:\/\/gobernacionaltaverapaz.gob.gt\/wp-content\/uploads\/2020\/01\/001-6-300x169.jpg 300w, https:\/\/gobernacionaltaverapaz.gob.gt\/wp-content\/uploads\/2020\/01\/001-6-768x432.jpg 768w\" sizes=\"(max-width: 349px) 100vw, 349px\" \/><\/p>\n","protected":false},"excerpt":{"rendered":"<p>En esta actividad se evalu\u00f3 el protocolo de atenci\u00f3n, instrucciones de cumplimiento, organizaci\u00f3n de talleres para la capacitaci\u00f3n de las brigadas municipales.<\/p>\n","protected":false},"author":1,"featured_media":8887,"comment_status":"closed","ping_status":"open","sticky":false,"template":"","format":"standard","meta":[],"categories":[6],"tags":[178],"_links":{"self":[{"href":"https:\/\/gobernacionaltaverapaz.gob.gt\/index.php?rest_route=\/wp\/v2\/posts\/8884"}],"collection":[{"href":"https:\/\/gobernacionaltaverapaz.gob.gt\/index.php?rest_route=\/wp\/v2\/posts"}],"about":[{"href":"https:\/\/gobernacionaltaverapaz.gob.gt\/index.php?rest_route=\/wp\/v2\/types\/post"}],"author":[{"embeddable":true,"href":"https:\/\/gobernacionaltaverapaz.gob.gt\/index.php?rest_route=\/wp\/v2\/users\/1"}],"replies":[{"embeddable":true,"href":"https:\/\/gobernacionaltaverapaz.gob.gt\/index.php?rest_route=%2Fwp%2Fv2%2Fcomments&post=8884"}],"version-history":[{"count":1,"href":"https:\/\/gobernacionaltaverapaz.gob.gt\/index.php?rest_route=\/wp\/v2\/posts\/8884\/revisions"}],"predecessor-version":[{"id":8888,"href":"https:\/\/gobernacionaltaverapaz.gob.gt\/index.php?rest_route=\/wp\/v2\/posts\/8884\/revisions\/8888"}],"wp:featuredmedia":[{"embeddable":true,"href":"https:\/\/gobernacionaltaverapaz.gob.gt\/index.php?rest_route=\/wp\/v2\/media\/8887"}],"wp:attachment":[{"href":"https:\/\/gobernacionaltaverapaz.gob.gt\/index.php?rest_route=%2Fwp%2Fv2%2Fmedia&parent=8884"}],"wp:term":[{"taxonomy":"category","embeddable":true,"href":"https:\/\/gobernacionaltaverapaz.gob.gt\/index.php?rest_route=%2Fwp%2Fv2%2Fcategories&post=8884"},{"taxonomy":"post_tag","embeddable":true,"href":"https:\/\/gobernacionaltaverapaz.gob.gt\/index.php?rest_route=%2Fwp%2Fv2%2Ftags&post=8884"}],"curies":[{"name":"wp","href":"https:\/\/api.w.org\/{rel}","templated":true}]}}