{"id":8908,"date":"2020-01-20T08:20:29","date_gmt":"2020-01-20T14:20:29","guid":{"rendered":"https:\/\/gobernacionaltaverapaz.gob.gt\/?p=8908"},"modified":"2020-01-21T09:22:37","modified_gmt":"2020-01-21T15:22:37","slug":"reunin-con-directores-de-la-direccin-municipales-de-planificacin-alcaldes-municipales","status":"publish","type":"post","link":"https:\/\/gobernacionaltaverapaz.gob.gt\/?p=8908","title":{"rendered":"Reuni\u00f3n con Directores de la Direcci\u00f3n Municipal de Planificaci\u00f3n y Alcaldes Municipales"},"content":{"rendered":"<p style=\"text-align: justify;\">En el Palacio de la Gobernaci\u00f3n Departamental de Alta Verapaz, en el Sal\u00f3n de las Am\u00e9ricas, se llev\u00f3 a cabo la reuni\u00f3n de trabajo con Directores de las Direcciones Municipales de Planificaci\u00f3n y Alcaldes Municipales del departamento.<\/p>\n<p style=\"text-align: justify;\">En esta reuni\u00f3n se abordaron temas relacionados a los resultados del Ranking de la Gesti\u00f3n Municipal 2018; Resultados de Plan de O<span class=\"textexposedshow\">rdenamiento Territorial; informe de situaci\u00f3n de proyectos 2019, avances f\u00edsicos y financieros.<\/span><\/p>\n<div><\/div>\n","protected":false},"excerpt":{"rendered":"<p>En esta reuni\u00f3n se abordaron temas relacionados a los resultados del Ranking de la Gesti\u00f3n Municipal 2018.<\/p>\n","protected":false},"author":1,"featured_media":8913,"comment_status":"closed","ping_status":"open","sticky":false,"template":"","format":"gallery","meta":[],"categories":[194],"tags":[178],"_links":{"self":[{"href":"https:\/\/gobernacionaltaverapaz.gob.gt\/index.php?rest_route=\/wp\/v2\/posts\/8908"}],"collection":[{"href":"https:\/\/gobernacionaltaverapaz.gob.gt\/index.php?rest_route=\/wp\/v2\/posts"}],"about":[{"href":"https:\/\/gobernacionaltaverapaz.gob.gt\/index.php?rest_route=\/wp\/v2\/types\/post"}],"author":[{"embeddable":true,"href":"https:\/\/gobernacionaltaverapaz.gob.gt\/index.php?rest_route=\/wp\/v2\/users\/1"}],"replies":[{"embeddable":true,"href":"https:\/\/gobernacionaltaverapaz.gob.gt\/index.php?rest_route=%2Fwp%2Fv2%2Fcomments&post=8908"}],"version-history":[{"count":3,"href":"https:\/\/gobernacionaltaverapaz.gob.gt\/index.php?rest_route=\/wp\/v2\/posts\/8908\/revisions"}],"predecessor-version":[{"id":8917,"href":"https:\/\/gobernacionaltaverapaz.gob.gt\/index.php?rest_route=\/wp\/v2\/posts\/8908\/revisions\/8917"}],"wp:featuredmedia":[{"embeddable":true,"href":"https:\/\/gobernacionaltaverapaz.gob.gt\/index.php?rest_route=\/wp\/v2\/media\/8913"}],"wp:attachment":[{"href":"https:\/\/gobernacionaltaverapaz.gob.gt\/index.php?rest_route=%2Fwp%2Fv2%2Fmedia&parent=8908"}],"wp:term":[{"taxonomy":"category","embeddable":true,"href":"https:\/\/gobernacionaltaverapaz.gob.gt\/index.php?rest_route=%2Fwp%2Fv2%2Fcategories&post=8908"},{"taxonomy":"post_tag","embeddable":true,"href":"https:\/\/gobernacionaltaverapaz.gob.gt\/index.php?rest_route=%2Fwp%2Fv2%2Ftags&post=8908"}],"curies":[{"name":"wp","href":"https:\/\/api.w.org\/{rel}","templated":true}]}}