{"id":8919,"date":"2020-02-13T07:57:17","date_gmt":"2020-02-13T13:57:17","guid":{"rendered":"https:\/\/gobernacionaltaverapaz.gob.gt\/?p=8919"},"modified":"2020-02-17T08:33:07","modified_gmt":"2020-02-17T14:33:07","slug":"presentacin-de-resultados-de-la-brigada-de-nutricin-en-emergencias-alta-verapaz","status":"publish","type":"post","link":"https:\/\/gobernacionaltaverapaz.gob.gt\/?p=8919","title":{"rendered":"Presentaci\u00f3n de resultados de la Brigada de Nutrici\u00f3n en Emergencias, Alta Verapaz"},"content":{"rendered":"<p style=\"text-align: justify;\">En el Sal\u00f3n de las Am\u00e9ricas del Palacio de la Gobernaci\u00f3n Departamental de Alta Verapaz, se llev\u00f3 a cabo la presentaci\u00f3n de los resultados finales de las Brigadas de Nutrici\u00f3n en Emergencia, Alta Verapaz.<\/p>\n<p><img decoding=\"async\" loading=\"lazy\" class=\"alignnone wp-image-8921 \" src=\"https:\/\/gobernacionaltaverapaz.gob.gt\/wp-content\/uploads\/2020\/02\/002.jpg\" alt=\"\" width=\"350\" height=\"263\" srcset=\"https:\/\/gobernacionaltaverapaz.gob.gt\/wp-content\/uploads\/2020\/02\/002.jpg 900w, https:\/\/gobernacionaltaverapaz.gob.gt\/wp-content\/uploads\/2020\/02\/002-300x225.jpg 300w, https:\/\/gobernacionaltaverapaz.gob.gt\/wp-content\/uploads\/2020\/02\/002-768x576.jpg 768w\" sizes=\"(max-width: 350px) 100vw, 350px\" \/>\u00a0\u00a0 \u00a0 \u00a0 <img decoding=\"async\" loading=\"lazy\" class=\"alignnone wp-image-8922 \" src=\"https:\/\/gobernacionaltaverapaz.gob.gt\/wp-content\/uploads\/2020\/02\/003.jpg\" alt=\"\" width=\"350\" height=\"262\" srcset=\"https:\/\/gobernacionaltaverapaz.gob.gt\/wp-content\/uploads\/2020\/02\/003.jpg 900w, https:\/\/gobernacionaltaverapaz.gob.gt\/wp-content\/uploads\/2020\/02\/003-300x225.jpg 300w, https:\/\/gobernacionaltaverapaz.gob.gt\/wp-content\/uploads\/2020\/02\/003-768x576.jpg 768w\" sizes=\"(max-width: 350px) 100vw, 350px\" \/><\/p>\n","protected":false},"excerpt":{"rendered":"<p>En el Sal\u00f3n de las Am\u00e9ricas del Palacio de la Gobernaci\u00f3n Departamental de Alta Verapaz, se llev\u00f3 a cabo la presentaci\u00f3n de los resultados finales de las Brigadas de Nutrici\u00f3n en Emergencia, Alta Verapaz. \u00a0\u00a0 \u00a0 \u00a0<\/p>\n","protected":false},"author":1,"featured_media":8920,"comment_status":"closed","ping_status":"open","sticky":false,"template":"","format":"standard","meta":[],"categories":[5],"tags":[178],"_links":{"self":[{"href":"https:\/\/gobernacionaltaverapaz.gob.gt\/index.php?rest_route=\/wp\/v2\/posts\/8919"}],"collection":[{"href":"https:\/\/gobernacionaltaverapaz.gob.gt\/index.php?rest_route=\/wp\/v2\/posts"}],"about":[{"href":"https:\/\/gobernacionaltaverapaz.gob.gt\/index.php?rest_route=\/wp\/v2\/types\/post"}],"author":[{"embeddable":true,"href":"https:\/\/gobernacionaltaverapaz.gob.gt\/index.php?rest_route=\/wp\/v2\/users\/1"}],"replies":[{"embeddable":true,"href":"https:\/\/gobernacionaltaverapaz.gob.gt\/index.php?rest_route=%2Fwp%2Fv2%2Fcomments&post=8919"}],"version-history":[{"count":2,"href":"https:\/\/gobernacionaltaverapaz.gob.gt\/index.php?rest_route=\/wp\/v2\/posts\/8919\/revisions"}],"predecessor-version":[{"id":8924,"href":"https:\/\/gobernacionaltaverapaz.gob.gt\/index.php?rest_route=\/wp\/v2\/posts\/8919\/revisions\/8924"}],"wp:featuredmedia":[{"embeddable":true,"href":"https:\/\/gobernacionaltaverapaz.gob.gt\/index.php?rest_route=\/wp\/v2\/media\/8920"}],"wp:attachment":[{"href":"https:\/\/gobernacionaltaverapaz.gob.gt\/index.php?rest_route=%2Fwp%2Fv2%2Fmedia&parent=8919"}],"wp:term":[{"taxonomy":"category","embeddable":true,"href":"https:\/\/gobernacionaltaverapaz.gob.gt\/index.php?rest_route=%2Fwp%2Fv2%2Fcategories&post=8919"},{"taxonomy":"post_tag","embeddable":true,"href":"https:\/\/gobernacionaltaverapaz.gob.gt\/index.php?rest_route=%2Fwp%2Fv2%2Ftags&post=8919"}],"curies":[{"name":"wp","href":"https:\/\/api.w.org\/{rel}","templated":true}]}}