{"id":8925,"date":"2020-02-05T07:51:08","date_gmt":"2020-02-05T13:51:08","guid":{"rendered":"https:\/\/gobernacionaltaverapaz.gob.gt\/?p=8925"},"modified":"2020-02-17T08:46:35","modified_gmt":"2020-02-17T14:46:35","slug":"red-departamental-contra-la-violencia-sexual-explotacin-trata-de-personas-red-vet-2","status":"publish","type":"post","link":"https:\/\/gobernacionaltaverapaz.gob.gt\/?p=8925","title":{"rendered":"Red Departamental contra la Violencia Sexual, Explotaci\u00f3n y Trata de Personas (RED VET)."},"content":{"rendered":"<p style=\"text-align: justify;\">En el Sal\u00f3n de las Am\u00e9ricas del Palacio de la Gobernaci\u00f3n Departamental de Alta Verapaz, se llev\u00f3 a cabo la primera reuni\u00f3n de la Red Departamental Contra la Violencia Sexual, Explotaci\u00f3n y Trata de Personas (RED VET).<\/p>\n<p style=\"text-align: justify;\">El objetivo fue articular y garantizar acciones institucionales que contribuyan a prevenir, erradicar y sancionar la Violencia Sexual, Explotaci\u00f3n y Tra<span class=\"textexposedshow\">ta de Personas en el Departamento de Alta Verapaz.<\/span><\/p>\n<p><img decoding=\"async\" loading=\"lazy\" class=\"alignnone wp-image-8928 \" src=\"https:\/\/gobernacionaltaverapaz.gob.gt\/wp-content\/uploads\/2020\/02\/003-1.jpg\" alt=\"\" width=\"351\" height=\"263\" srcset=\"https:\/\/gobernacionaltaverapaz.gob.gt\/wp-content\/uploads\/2020\/02\/003-1.jpg 900w, https:\/\/gobernacionaltaverapaz.gob.gt\/wp-content\/uploads\/2020\/02\/003-1-300x225.jpg 300w, https:\/\/gobernacionaltaverapaz.gob.gt\/wp-content\/uploads\/2020\/02\/003-1-768x576.jpg 768w\" sizes=\"(max-width: 351px) 100vw, 351px\" \/>\u00a0\u00a0\u00a0\u00a0\u00a0\u00a0\u00a0 <img decoding=\"async\" loading=\"lazy\" class=\"alignnone wp-image-8927 \" src=\"https:\/\/gobernacionaltaverapaz.gob.gt\/wp-content\/uploads\/2020\/02\/002-1.jpg\" alt=\"\" width=\"351\" height=\"263\" srcset=\"https:\/\/gobernacionaltaverapaz.gob.gt\/wp-content\/uploads\/2020\/02\/002-1.jpg 900w, https:\/\/gobernacionaltaverapaz.gob.gt\/wp-content\/uploads\/2020\/02\/002-1-300x225.jpg 300w, https:\/\/gobernacionaltaverapaz.gob.gt\/wp-content\/uploads\/2020\/02\/002-1-768x576.jpg 768w\" sizes=\"(max-width: 351px) 100vw, 351px\" \/><\/p>\n<p>&nbsp;<\/p>\n","protected":false},"excerpt":{"rendered":"<p>En el Sal\u00f3n de las Am\u00e9ricas del Palacio de la Gobernaci\u00f3n Departamental de Alta Verapaz, se llev\u00f3 a cabo la primera reuni\u00f3n de la Red Departamental Contra la Violencia Sexual, Explotaci\u00f3n y Trata de Personas (RED VET). El objetivo fue articular y garantizar acciones institucionales que contribuyan a prevenir, erradicar y sancionar la Violencia Sexual, [&hellip;]<\/p>\n","protected":false},"author":1,"featured_media":8926,"comment_status":"closed","ping_status":"open","sticky":false,"template":"","format":"standard","meta":[],"categories":[197],"tags":[178],"_links":{"self":[{"href":"https:\/\/gobernacionaltaverapaz.gob.gt\/index.php?rest_route=\/wp\/v2\/posts\/8925"}],"collection":[{"href":"https:\/\/gobernacionaltaverapaz.gob.gt\/index.php?rest_route=\/wp\/v2\/posts"}],"about":[{"href":"https:\/\/gobernacionaltaverapaz.gob.gt\/index.php?rest_route=\/wp\/v2\/types\/post"}],"author":[{"embeddable":true,"href":"https:\/\/gobernacionaltaverapaz.gob.gt\/index.php?rest_route=\/wp\/v2\/users\/1"}],"replies":[{"embeddable":true,"href":"https:\/\/gobernacionaltaverapaz.gob.gt\/index.php?rest_route=%2Fwp%2Fv2%2Fcomments&post=8925"}],"version-history":[{"count":3,"href":"https:\/\/gobernacionaltaverapaz.gob.gt\/index.php?rest_route=\/wp\/v2\/posts\/8925\/revisions"}],"predecessor-version":[{"id":8931,"href":"https:\/\/gobernacionaltaverapaz.gob.gt\/index.php?rest_route=\/wp\/v2\/posts\/8925\/revisions\/8931"}],"wp:featuredmedia":[{"embeddable":true,"href":"https:\/\/gobernacionaltaverapaz.gob.gt\/index.php?rest_route=\/wp\/v2\/media\/8926"}],"wp:attachment":[{"href":"https:\/\/gobernacionaltaverapaz.gob.gt\/index.php?rest_route=%2Fwp%2Fv2%2Fmedia&parent=8925"}],"wp:term":[{"taxonomy":"category","embeddable":true,"href":"https:\/\/gobernacionaltaverapaz.gob.gt\/index.php?rest_route=%2Fwp%2Fv2%2Fcategories&post=8925"},{"taxonomy":"post_tag","embeddable":true,"href":"https:\/\/gobernacionaltaverapaz.gob.gt\/index.php?rest_route=%2Fwp%2Fv2%2Ftags&post=8925"}],"curies":[{"name":"wp","href":"https:\/\/api.w.org\/{rel}","templated":true}]}}