{"id":8932,"date":"2020-02-03T09:38:12","date_gmt":"2020-02-03T15:38:12","guid":{"rendered":"https:\/\/gobernacionaltaverapaz.gob.gt\/?p=8932"},"modified":"2020-02-17T10:25:05","modified_gmt":"2020-02-17T16:25:05","slug":"reunin-de-artistas-productores-de-alta-verapaz","status":"publish","type":"post","link":"https:\/\/gobernacionaltaverapaz.gob.gt\/?p=8932","title":{"rendered":"Reuni\u00f3n de Artistas Productores de Alta Verapaz"},"content":{"rendered":"<p style=\"text-align: justify;\">En el Palacio de la Gobernaci\u00f3n Departamental de Alta Verapaz, Sal\u00f3n de las Am\u00e9ricas, se llev\u00f3 a cabo la reuni\u00f3n el grupo de Artistas Productores de Alta Verapaz.<\/p>\n","protected":false},"excerpt":{"rendered":"<p>En el Palacio de la Gobernaci\u00f3n Departamental de Alta Verapaz, Sal\u00f3n de las Am\u00e9ricas, se llev\u00f3 a cabo la reuni\u00f3n el grupo de Artistas Productores de Alta Verapaz.<\/p>\n","protected":false},"author":1,"featured_media":8933,"comment_status":"closed","ping_status":"open","sticky":false,"template":"","format":"standard","meta":[],"categories":[2],"tags":[178],"_links":{"self":[{"href":"https:\/\/gobernacionaltaverapaz.gob.gt\/index.php?rest_route=\/wp\/v2\/posts\/8932"}],"collection":[{"href":"https:\/\/gobernacionaltaverapaz.gob.gt\/index.php?rest_route=\/wp\/v2\/posts"}],"about":[{"href":"https:\/\/gobernacionaltaverapaz.gob.gt\/index.php?rest_route=\/wp\/v2\/types\/post"}],"author":[{"embeddable":true,"href":"https:\/\/gobernacionaltaverapaz.gob.gt\/index.php?rest_route=\/wp\/v2\/users\/1"}],"replies":[{"embeddable":true,"href":"https:\/\/gobernacionaltaverapaz.gob.gt\/index.php?rest_route=%2Fwp%2Fv2%2Fcomments&post=8932"}],"version-history":[{"count":1,"href":"https:\/\/gobernacionaltaverapaz.gob.gt\/index.php?rest_route=\/wp\/v2\/posts\/8932\/revisions"}],"predecessor-version":[{"id":8934,"href":"https:\/\/gobernacionaltaverapaz.gob.gt\/index.php?rest_route=\/wp\/v2\/posts\/8932\/revisions\/8934"}],"wp:featuredmedia":[{"embeddable":true,"href":"https:\/\/gobernacionaltaverapaz.gob.gt\/index.php?rest_route=\/wp\/v2\/media\/8933"}],"wp:attachment":[{"href":"https:\/\/gobernacionaltaverapaz.gob.gt\/index.php?rest_route=%2Fwp%2Fv2%2Fmedia&parent=8932"}],"wp:term":[{"taxonomy":"category","embeddable":true,"href":"https:\/\/gobernacionaltaverapaz.gob.gt\/index.php?rest_route=%2Fwp%2Fv2%2Fcategories&post=8932"},{"taxonomy":"post_tag","embeddable":true,"href":"https:\/\/gobernacionaltaverapaz.gob.gt\/index.php?rest_route=%2Fwp%2Fv2%2Ftags&post=8932"}],"curies":[{"name":"wp","href":"https:\/\/api.w.org\/{rel}","templated":true}]}}