{"id":8935,"date":"2020-01-31T14:56:55","date_gmt":"2020-01-31T20:56:55","guid":{"rendered":"https:\/\/gobernacionaltaverapaz.gob.gt\/?p=8935"},"modified":"2020-02-17T10:36:12","modified_gmt":"2020-02-17T16:36:12","slug":"entrega-de-carnet-30-estudiantes-con-discapacidad","status":"publish","type":"post","link":"https:\/\/gobernacionaltaverapaz.gob.gt\/?p=8935","title":{"rendered":"Entrega de carnet a 30 estudiantes con discapacidad"},"content":{"rendered":"<p style=\"text-align: justify;\">En sal\u00f3n de las Am\u00e9ricas del Palacio de la Gobernaci\u00f3n Departamental de Alta Verapaz, se llev\u00f3 a cabo la entrega de carnet a 30 estudiantes con discapacidad, con el fin de lograr que las entidades p\u00fablico o privadas puedan tomar las atenciones y consideraciones del caso.<\/p>\n<p style=\"text-align: justify;\">Esta actividad fue solicitada por la Escuela de Educaci\u00f3n Especial y Centro<span class=\"textexposedshow\"> de Rehabilitaci\u00f3n Integral -EDECRI-, la Asociaci\u00f3n de Padres de Familia y Amigos de la Escuela de Educaci\u00f3n Especial y Centro de Rehabilitaci\u00f3n Integral de Alta Verapaz -ASOEDECRI-.<\/span><\/p>\n<p style=\"text-align: justify;\">En la actividad tambi\u00e9n estuvieron presentes; el Consejo Nacional para la Atenci\u00f3n de las Personas con Discapacidad-CONADI-, Ministerio de Educaci\u00f3n -MINEDUC-, Instituto Nacional de la Juventud -INJAV-, Consejo Nacional de la Juventud -CONJUVE- y Casa de la Cultura de Alta Verapaz.<\/p>\n<p><img decoding=\"async\" loading=\"lazy\" class=\"alignnone wp-image-8937 \" src=\"https:\/\/gobernacionaltaverapaz.gob.gt\/wp-content\/uploads\/2020\/02\/002-2.jpg\" alt=\"\" width=\"394\" height=\"222\" srcset=\"https:\/\/gobernacionaltaverapaz.gob.gt\/wp-content\/uploads\/2020\/02\/002-2.jpg 900w, https:\/\/gobernacionaltaverapaz.gob.gt\/wp-content\/uploads\/2020\/02\/002-2-300x169.jpg 300w, https:\/\/gobernacionaltaverapaz.gob.gt\/wp-content\/uploads\/2020\/02\/002-2-768x432.jpg 768w\" sizes=\"(max-width: 394px) 100vw, 394px\" \/> <img decoding=\"async\" loading=\"lazy\" class=\"alignnone wp-image-8936 \" src=\"https:\/\/gobernacionaltaverapaz.gob.gt\/wp-content\/uploads\/2020\/02\/001-3.jpg\" alt=\"\" width=\"330\" height=\"220\" srcset=\"https:\/\/gobernacionaltaverapaz.gob.gt\/wp-content\/uploads\/2020\/02\/001-3.jpg 900w, https:\/\/gobernacionaltaverapaz.gob.gt\/wp-content\/uploads\/2020\/02\/001-3-300x200.jpg 300w, https:\/\/gobernacionaltaverapaz.gob.gt\/wp-content\/uploads\/2020\/02\/001-3-768x512.jpg 768w\" sizes=\"(max-width: 330px) 100vw, 330px\" \/><\/p>\n","protected":false},"excerpt":{"rendered":"<p>En sal\u00f3n de las Am\u00e9ricas del Palacio de la Gobernaci\u00f3n Departamental de Alta Verapaz, se llev\u00f3 a cabo la entrega de carnet a 30 estudiantes con discapacidad, con el fin de lograr que las entidades p\u00fablico o privadas puedan tomar las atenciones y consideraciones del caso. Esta actividad fue solicitada por la Escuela de Educaci\u00f3n [&hellip;]<\/p>\n","protected":false},"author":1,"featured_media":8938,"comment_status":"closed","ping_status":"open","sticky":false,"template":"","format":"standard","meta":[],"categories":[2],"tags":[178],"_links":{"self":[{"href":"https:\/\/gobernacionaltaverapaz.gob.gt\/index.php?rest_route=\/wp\/v2\/posts\/8935"}],"collection":[{"href":"https:\/\/gobernacionaltaverapaz.gob.gt\/index.php?rest_route=\/wp\/v2\/posts"}],"about":[{"href":"https:\/\/gobernacionaltaverapaz.gob.gt\/index.php?rest_route=\/wp\/v2\/types\/post"}],"author":[{"embeddable":true,"href":"https:\/\/gobernacionaltaverapaz.gob.gt\/index.php?rest_route=\/wp\/v2\/users\/1"}],"replies":[{"embeddable":true,"href":"https:\/\/gobernacionaltaverapaz.gob.gt\/index.php?rest_route=%2Fwp%2Fv2%2Fcomments&post=8935"}],"version-history":[{"count":3,"href":"https:\/\/gobernacionaltaverapaz.gob.gt\/index.php?rest_route=\/wp\/v2\/posts\/8935\/revisions"}],"predecessor-version":[{"id":8941,"href":"https:\/\/gobernacionaltaverapaz.gob.gt\/index.php?rest_route=\/wp\/v2\/posts\/8935\/revisions\/8941"}],"wp:featuredmedia":[{"embeddable":true,"href":"https:\/\/gobernacionaltaverapaz.gob.gt\/index.php?rest_route=\/wp\/v2\/media\/8938"}],"wp:attachment":[{"href":"https:\/\/gobernacionaltaverapaz.gob.gt\/index.php?rest_route=%2Fwp%2Fv2%2Fmedia&parent=8935"}],"wp:term":[{"taxonomy":"category","embeddable":true,"href":"https:\/\/gobernacionaltaverapaz.gob.gt\/index.php?rest_route=%2Fwp%2Fv2%2Fcategories&post=8935"},{"taxonomy":"post_tag","embeddable":true,"href":"https:\/\/gobernacionaltaverapaz.gob.gt\/index.php?rest_route=%2Fwp%2Fv2%2Ftags&post=8935"}],"curies":[{"name":"wp","href":"https:\/\/api.w.org\/{rel}","templated":true}]}}