{"id":8942,"date":"2020-01-31T07:50:44","date_gmt":"2020-01-31T13:50:44","guid":{"rendered":"https:\/\/gobernacionaltaverapaz.gob.gt\/?p=8942"},"modified":"2020-02-17T10:57:12","modified_gmt":"2020-02-17T16:57:12","slug":"cambio-de-la-rosa-de-la-paz-cargo-de-la-licda-flor-de-mara-ramrez-de-sierra","status":"publish","type":"post","link":"https:\/\/gobernacionaltaverapaz.gob.gt\/?p=8942","title":{"rendered":"Cambio de la Rosa de La Paz a cargo de la Licda. Flor de Mar\u00eda Ram\u00edrez de Sierra"},"content":{"rendered":"<p style=\"text-align: justify;\">En el Parque Infantil Navidad del Palacio de la Gobernaci\u00f3n Departamental de Alta Verapaz, se llev\u00f3 a cabo el tercer cambio de la Rosa en la r\u00e9plica del monumento a La Paz en homenaje a la Licenciada Flor de Mar\u00eda Ram\u00edrez de Sierra, directora de la Escuela de Educaci\u00f3n Especial y Centro de Rehabilitaci\u00f3n Integral &#8211; EDECRI- quien se ha destacado por su entrega y gesti\u00f3n en la la<span class=\"textexposedshow\">bor que realiza para una educaci\u00f3n inclusiva hacia las personas con discapacidad.<\/span><\/p>\n<p style=\"text-align: justify;\">En esta actividad estuvo presente el Gobernador Departamental M.A. Erik Nolberto Guerrero Mili\u00e1n, quien destac\u00f3 la importancia de la labor social inclusiva que realiza la Licenciada Ram\u00edrez hacia una construcci\u00f3n de Paz en el departamento.<\/p>\n<p><img decoding=\"async\" loading=\"lazy\" class=\"alignnone wp-image-8943\" src=\"https:\/\/gobernacionaltaverapaz.gob.gt\/wp-content\/uploads\/2020\/02\/001-4-300x169.jpg\" alt=\"\" width=\"390\" height=\"220\" srcset=\"https:\/\/gobernacionaltaverapaz.gob.gt\/wp-content\/uploads\/2020\/02\/001-4-300x169.jpg 300w, https:\/\/gobernacionaltaverapaz.gob.gt\/wp-content\/uploads\/2020\/02\/001-4-768x432.jpg 768w, https:\/\/gobernacionaltaverapaz.gob.gt\/wp-content\/uploads\/2020\/02\/001-4.jpg 900w\" sizes=\"(max-width: 390px) 100vw, 390px\" \/>\u00a0\u00a0 <img decoding=\"async\" loading=\"lazy\" class=\"alignnone wp-image-8944\" src=\"https:\/\/gobernacionaltaverapaz.gob.gt\/wp-content\/uploads\/2020\/02\/002-3-300x200.jpg\" alt=\"\" width=\"329\" height=\"219\" srcset=\"https:\/\/gobernacionaltaverapaz.gob.gt\/wp-content\/uploads\/2020\/02\/002-3-300x200.jpg 300w, https:\/\/gobernacionaltaverapaz.gob.gt\/wp-content\/uploads\/2020\/02\/002-3-768x512.jpg 768w, https:\/\/gobernacionaltaverapaz.gob.gt\/wp-content\/uploads\/2020\/02\/002-3.jpg 900w\" sizes=\"(max-width: 329px) 100vw, 329px\" \/><\/p>\n","protected":false},"excerpt":{"rendered":"<p>En el Parque Infantil Navidad del Palacio de la Gobernaci\u00f3n Departamental de Alta Verapaz, se llev\u00f3 a cabo el tercer cambio de la Rosa en la r\u00e9plica del monumento a La Paz en homenaje a la Licenciada Flor de Mar\u00eda Ram\u00edrez de Sierra, directora de la Escuela de Educaci\u00f3n Especial y Centro de Rehabilitaci\u00f3n Integral [&hellip;]<\/p>\n","protected":false},"author":1,"featured_media":8944,"comment_status":"closed","ping_status":"open","sticky":false,"template":"","format":"standard","meta":[],"categories":[2],"tags":[178],"_links":{"self":[{"href":"https:\/\/gobernacionaltaverapaz.gob.gt\/index.php?rest_route=\/wp\/v2\/posts\/8942"}],"collection":[{"href":"https:\/\/gobernacionaltaverapaz.gob.gt\/index.php?rest_route=\/wp\/v2\/posts"}],"about":[{"href":"https:\/\/gobernacionaltaverapaz.gob.gt\/index.php?rest_route=\/wp\/v2\/types\/post"}],"author":[{"embeddable":true,"href":"https:\/\/gobernacionaltaverapaz.gob.gt\/index.php?rest_route=\/wp\/v2\/users\/1"}],"replies":[{"embeddable":true,"href":"https:\/\/gobernacionaltaverapaz.gob.gt\/index.php?rest_route=%2Fwp%2Fv2%2Fcomments&post=8942"}],"version-history":[{"count":3,"href":"https:\/\/gobernacionaltaverapaz.gob.gt\/index.php?rest_route=\/wp\/v2\/posts\/8942\/revisions"}],"predecessor-version":[{"id":8947,"href":"https:\/\/gobernacionaltaverapaz.gob.gt\/index.php?rest_route=\/wp\/v2\/posts\/8942\/revisions\/8947"}],"wp:featuredmedia":[{"embeddable":true,"href":"https:\/\/gobernacionaltaverapaz.gob.gt\/index.php?rest_route=\/wp\/v2\/media\/8944"}],"wp:attachment":[{"href":"https:\/\/gobernacionaltaverapaz.gob.gt\/index.php?rest_route=%2Fwp%2Fv2%2Fmedia&parent=8942"}],"wp:term":[{"taxonomy":"category","embeddable":true,"href":"https:\/\/gobernacionaltaverapaz.gob.gt\/index.php?rest_route=%2Fwp%2Fv2%2Fcategories&post=8942"},{"taxonomy":"post_tag","embeddable":true,"href":"https:\/\/gobernacionaltaverapaz.gob.gt\/index.php?rest_route=%2Fwp%2Fv2%2Ftags&post=8942"}],"curies":[{"name":"wp","href":"https:\/\/api.w.org\/{rel}","templated":true}]}}