{"id":9001,"date":"2020-03-05T09:49:34","date_gmt":"2020-03-05T15:49:34","guid":{"rendered":"https:\/\/gobernacionaltaverapaz.gob.gt\/?p=9001"},"modified":"2020-03-09T08:36:51","modified_gmt":"2020-03-09T14:36:51","slug":"capacitacin-manual-de-gestin-de-mtodos-de-planificacin-familiar","status":"publish","type":"post","link":"https:\/\/gobernacionaltaverapaz.gob.gt\/?p=9001","title":{"rendered":"Capacitaci\u00f3n \u201cManual de Gesti\u00f3n de M\u00e9todos de Planificaci\u00f3n Familiar\u201d"},"content":{"rendered":"<p style=\"text-align: justify;\">En el sal\u00f3n de las Am\u00e9ricas del Palacio de la Gobernaci\u00f3n Departamental de Alta Verapaz, se llev\u00f3 a cabo la capacitaci\u00f3n del Manual de Gesti\u00f3n de M\u00e9todos de Planificaci\u00f3n Familiar, dirigida a personal del \u00c1rea de salud y Hospitales del departamento.<\/p>\n<p style=\"text-align: justify;\">Es evento tuvo como objetivo fortalecer los lineamientos de log\u00edstica de m\u00e9todos de planificaci\u00f3n familiar en coordinaci\u00f3n con el Minister<span class=\"textexposedshow\">io de Salud P\u00fablica, APROFAM y Gobernaci\u00f3n Departamental de Alta Verapaz.<\/span><\/p>\n<p><img decoding=\"async\" loading=\"lazy\" class=\"alignnone wp-image-9005 \" src=\"https:\/\/gobernacionaltaverapaz.gob.gt\/wp-content\/uploads\/2020\/03\/004.jpg\" alt=\"\" width=\"359\" height=\"269\" srcset=\"https:\/\/gobernacionaltaverapaz.gob.gt\/wp-content\/uploads\/2020\/03\/004.jpg 900w, https:\/\/gobernacionaltaverapaz.gob.gt\/wp-content\/uploads\/2020\/03\/004-300x225.jpg 300w, https:\/\/gobernacionaltaverapaz.gob.gt\/wp-content\/uploads\/2020\/03\/004-768x576.jpg 768w\" sizes=\"(max-width: 359px) 100vw, 359px\" \/>\u00a0\u00a0\u00a0\u00a0 <img decoding=\"async\" loading=\"lazy\" class=\"alignnone wp-image-9003 \" src=\"https:\/\/gobernacionaltaverapaz.gob.gt\/wp-content\/uploads\/2020\/03\/002.jpg\" alt=\"\" width=\"359\" height=\"269\" srcset=\"https:\/\/gobernacionaltaverapaz.gob.gt\/wp-content\/uploads\/2020\/03\/002.jpg 900w, https:\/\/gobernacionaltaverapaz.gob.gt\/wp-content\/uploads\/2020\/03\/002-300x225.jpg 300w, https:\/\/gobernacionaltaverapaz.gob.gt\/wp-content\/uploads\/2020\/03\/002-768x576.jpg 768w\" sizes=\"(max-width: 359px) 100vw, 359px\" \/> <img decoding=\"async\" loading=\"lazy\" class=\"alignnone wp-image-9002 \" src=\"https:\/\/gobernacionaltaverapaz.gob.gt\/wp-content\/uploads\/2020\/03\/001.jpg\" alt=\"\" width=\"738\" height=\"554\" srcset=\"https:\/\/gobernacionaltaverapaz.gob.gt\/wp-content\/uploads\/2020\/03\/001.jpg 900w, https:\/\/gobernacionaltaverapaz.gob.gt\/wp-content\/uploads\/2020\/03\/001-300x225.jpg 300w, https:\/\/gobernacionaltaverapaz.gob.gt\/wp-content\/uploads\/2020\/03\/001-768x576.jpg 768w\" sizes=\"(max-width: 738px) 100vw, 738px\" \/><\/p>\n","protected":false},"excerpt":{"rendered":"<p>En el sal\u00f3n de las Am\u00e9ricas del Palacio de la Gobernaci\u00f3n Departamental de Alta Verapaz, se llev\u00f3 a cabo la capacitaci\u00f3n del Manual de Gesti\u00f3n de M\u00e9todos de Planificaci\u00f3n Familiar, dirigida a personal del \u00c1rea de salud y Hospitales del departamento. Es evento tuvo como objetivo fortalecer los lineamientos de log\u00edstica de m\u00e9todos de planificaci\u00f3n [&hellip;]<\/p>\n","protected":false},"author":1,"featured_media":9004,"comment_status":"closed","ping_status":"open","sticky":false,"template":"","format":"gallery","meta":[],"categories":[5],"tags":[178],"_links":{"self":[{"href":"https:\/\/gobernacionaltaverapaz.gob.gt\/index.php?rest_route=\/wp\/v2\/posts\/9001"}],"collection":[{"href":"https:\/\/gobernacionaltaverapaz.gob.gt\/index.php?rest_route=\/wp\/v2\/posts"}],"about":[{"href":"https:\/\/gobernacionaltaverapaz.gob.gt\/index.php?rest_route=\/wp\/v2\/types\/post"}],"author":[{"embeddable":true,"href":"https:\/\/gobernacionaltaverapaz.gob.gt\/index.php?rest_route=\/wp\/v2\/users\/1"}],"replies":[{"embeddable":true,"href":"https:\/\/gobernacionaltaverapaz.gob.gt\/index.php?rest_route=%2Fwp%2Fv2%2Fcomments&post=9001"}],"version-history":[{"count":3,"href":"https:\/\/gobernacionaltaverapaz.gob.gt\/index.php?rest_route=\/wp\/v2\/posts\/9001\/revisions"}],"predecessor-version":[{"id":9008,"href":"https:\/\/gobernacionaltaverapaz.gob.gt\/index.php?rest_route=\/wp\/v2\/posts\/9001\/revisions\/9008"}],"wp:featuredmedia":[{"embeddable":true,"href":"https:\/\/gobernacionaltaverapaz.gob.gt\/index.php?rest_route=\/wp\/v2\/media\/9004"}],"wp:attachment":[{"href":"https:\/\/gobernacionaltaverapaz.gob.gt\/index.php?rest_route=%2Fwp%2Fv2%2Fmedia&parent=9001"}],"wp:term":[{"taxonomy":"category","embeddable":true,"href":"https:\/\/gobernacionaltaverapaz.gob.gt\/index.php?rest_route=%2Fwp%2Fv2%2Fcategories&post=9001"},{"taxonomy":"post_tag","embeddable":true,"href":"https:\/\/gobernacionaltaverapaz.gob.gt\/index.php?rest_route=%2Fwp%2Fv2%2Ftags&post=9001"}],"curies":[{"name":"wp","href":"https:\/\/api.w.org\/{rel}","templated":true}]}}