{"id":9015,"date":"2020-03-03T12:26:49","date_gmt":"2020-03-03T18:26:49","guid":{"rendered":"https:\/\/gobernacionaltaverapaz.gob.gt\/?p=9015"},"modified":"2020-03-09T08:51:46","modified_gmt":"2020-03-09T14:51:46","slug":"inauguracin-del-proceso-de-alfabetizacin","status":"publish","type":"post","link":"https:\/\/gobernacionaltaverapaz.gob.gt\/?p=9015","title":{"rendered":"Inauguraci\u00f3n del Proceso de Alfabetizaci\u00f3n"},"content":{"rendered":"<p style=\"text-align: justify;\">En el Sal\u00f3n Municipal del Municipio de Santa Cruz Verapaz, se llev\u00f3 a cabo la inauguraci\u00f3n del Proceso de Alfabetizaci\u00f3n dirigido a j\u00f3venes y adultos para el a\u00f1o 2020.<\/p>\n<p style=\"text-align: justify;\">En este evento particip\u00f3 el Gobernador Departamental M.A. Erik Nolberto Guerrero Mili\u00e1n, personeros de la delegaci\u00f3n Nacional y Departamental del Comit\u00e9 Nacional de Alfabetizaci\u00f3n -CONALFA- e instituciones invitadas con delegaci\u00f3n en el municipio.<\/p>\n<p><img decoding=\"async\" loading=\"lazy\" class=\"alignnone wp-image-9021 \" src=\"https:\/\/gobernacionaltaverapaz.gob.gt\/wp-content\/uploads\/2020\/03\/001-3.jpg\" alt=\"\" width=\"359\" height=\"269\" srcset=\"https:\/\/gobernacionaltaverapaz.gob.gt\/wp-content\/uploads\/2020\/03\/001-3.jpg 900w, https:\/\/gobernacionaltaverapaz.gob.gt\/wp-content\/uploads\/2020\/03\/001-3-300x225.jpg 300w, https:\/\/gobernacionaltaverapaz.gob.gt\/wp-content\/uploads\/2020\/03\/001-3-768x576.jpg 768w\" sizes=\"(max-width: 359px) 100vw, 359px\" \/>\u00a0\u00a0\u00a0\u00a0 <img decoding=\"async\" loading=\"lazy\" class=\"alignnone wp-image-9022 \" src=\"https:\/\/gobernacionaltaverapaz.gob.gt\/wp-content\/uploads\/2020\/03\/003-3.jpg\" alt=\"\" width=\"357\" height=\"268\" srcset=\"https:\/\/gobernacionaltaverapaz.gob.gt\/wp-content\/uploads\/2020\/03\/003-3.jpg 900w, https:\/\/gobernacionaltaverapaz.gob.gt\/wp-content\/uploads\/2020\/03\/003-3-300x225.jpg 300w, https:\/\/gobernacionaltaverapaz.gob.gt\/wp-content\/uploads\/2020\/03\/003-3-768x576.jpg 768w\" sizes=\"(max-width: 357px) 100vw, 357px\" \/> <img decoding=\"async\" loading=\"lazy\" class=\"alignnone wp-image-9023 \" src=\"https:\/\/gobernacionaltaverapaz.gob.gt\/wp-content\/uploads\/2020\/03\/004-2.jpg\" alt=\"\" width=\"359\" height=\"269\" srcset=\"https:\/\/gobernacionaltaverapaz.gob.gt\/wp-content\/uploads\/2020\/03\/004-2.jpg 900w, https:\/\/gobernacionaltaverapaz.gob.gt\/wp-content\/uploads\/2020\/03\/004-2-300x225.jpg 300w, https:\/\/gobernacionaltaverapaz.gob.gt\/wp-content\/uploads\/2020\/03\/004-2-768x576.jpg 768w\" sizes=\"(max-width: 359px) 100vw, 359px\" \/>\u00a0\u00a0\u00a0\u00a0 <img decoding=\"async\" loading=\"lazy\" class=\"alignnone wp-image-9024 \" src=\"https:\/\/gobernacionaltaverapaz.gob.gt\/wp-content\/uploads\/2020\/03\/005-1.jpg\" alt=\"\" width=\"359\" height=\"269\" srcset=\"https:\/\/gobernacionaltaverapaz.gob.gt\/wp-content\/uploads\/2020\/03\/005-1.jpg 900w, https:\/\/gobernacionaltaverapaz.gob.gt\/wp-content\/uploads\/2020\/03\/005-1-300x225.jpg 300w, https:\/\/gobernacionaltaverapaz.gob.gt\/wp-content\/uploads\/2020\/03\/005-1-768x576.jpg 768w\" sizes=\"(max-width: 359px) 100vw, 359px\" \/><\/p>\n","protected":false},"excerpt":{"rendered":"<p>En el Sal\u00f3n Municipal del Municipio de Santa Cruz Verapaz, se llev\u00f3 a cabo la inauguraci\u00f3n del Proceso de Alfabetizaci\u00f3n dirigido a j\u00f3venes y adultos para el a\u00f1o 2020. En este evento particip\u00f3 el Gobernador Departamental M.A. Erik Nolberto Guerrero Mili\u00e1n, personeros de la delegaci\u00f3n Nacional y Departamental del Comit\u00e9 Nacional de Alfabetizaci\u00f3n -CONALFA- e [&hellip;]<\/p>\n","protected":false},"author":1,"featured_media":9017,"comment_status":"closed","ping_status":"open","sticky":false,"template":"","format":"standard","meta":[],"categories":[2],"tags":[178],"_links":{"self":[{"href":"https:\/\/gobernacionaltaverapaz.gob.gt\/index.php?rest_route=\/wp\/v2\/posts\/9015"}],"collection":[{"href":"https:\/\/gobernacionaltaverapaz.gob.gt\/index.php?rest_route=\/wp\/v2\/posts"}],"about":[{"href":"https:\/\/gobernacionaltaverapaz.gob.gt\/index.php?rest_route=\/wp\/v2\/types\/post"}],"author":[{"embeddable":true,"href":"https:\/\/gobernacionaltaverapaz.gob.gt\/index.php?rest_route=\/wp\/v2\/users\/1"}],"replies":[{"embeddable":true,"href":"https:\/\/gobernacionaltaverapaz.gob.gt\/index.php?rest_route=%2Fwp%2Fv2%2Fcomments&post=9015"}],"version-history":[{"count":1,"href":"https:\/\/gobernacionaltaverapaz.gob.gt\/index.php?rest_route=\/wp\/v2\/posts\/9015\/revisions"}],"predecessor-version":[{"id":9025,"href":"https:\/\/gobernacionaltaverapaz.gob.gt\/index.php?rest_route=\/wp\/v2\/posts\/9015\/revisions\/9025"}],"wp:featuredmedia":[{"embeddable":true,"href":"https:\/\/gobernacionaltaverapaz.gob.gt\/index.php?rest_route=\/wp\/v2\/media\/9017"}],"wp:attachment":[{"href":"https:\/\/gobernacionaltaverapaz.gob.gt\/index.php?rest_route=%2Fwp%2Fv2%2Fmedia&parent=9015"}],"wp:term":[{"taxonomy":"category","embeddable":true,"href":"https:\/\/gobernacionaltaverapaz.gob.gt\/index.php?rest_route=%2Fwp%2Fv2%2Fcategories&post=9015"},{"taxonomy":"post_tag","embeddable":true,"href":"https:\/\/gobernacionaltaverapaz.gob.gt\/index.php?rest_route=%2Fwp%2Fv2%2Ftags&post=9015"}],"curies":[{"name":"wp","href":"https:\/\/api.w.org\/{rel}","templated":true}]}}